{"id":8893,"date":"2016-05-29T11:04:52","date_gmt":"2016-05-29T11:04:52","guid":{"rendered":"https:\/\/ancnews.info\/?p=8893"},"modified":"2016-05-29T11:04:52","modified_gmt":"2016-05-29T11:04:52","slug":"28-de-maio-historico-marcado-pela-participacao-da-juventude-armenia-de-sp","status":"publish","type":"post","link":"https:\/\/ancnews.info\/?p=8893","title":{"rendered":"28 de maio hist\u00f3rico marcado pela participa\u00e7\u00e3o da juventude arm\u00eania de SP"},"content":{"rendered":"<p style=\"text-align: justify;\">(Portal Esta\u00e7\u00e3o Arm\u00eania) O 98\u00ba Anivers\u00e1rio da <a href=\"http:\/\/estacaoarmenia.com.br\/24515\" target=\"_blank\" rel=\"noopener\">Primeira Rep\u00fablica da Arm\u00eania de 1918<\/a> foi comemorado com uma emotiva festa popular. Mais de 150 pessoas compareceram ao sal\u00e3o Tchilian da SAMA \u2013 Clube Arm\u00eanio para render suas homenagens a essa data <!--more Continue reading \/ \u0531\u0574\u0562\u0578\u0572\u057b\u0568 \u2192--> hist\u00f3rica e t\u00e3o importante para todos os arm\u00eanios.<\/p>\n<p style=\"text-align: justify;\">O evento convocado pela SAMA e pelo <a href=\"https:\/\/www.facebook.com\/Tashnagtsutiun\/?fref=ts\" target=\"_blank\" rel=\"noopener\">Tashnagtsutiun \u2013 Tro Gomid\u00ea<\/a>, com ades\u00e3o do Hamazkayn de S\u00e3o Paulo, foi marcado pela presen\u00e7a e participa\u00e7\u00e3o dos jovens da comunidade.<\/p>\n<p style=\"text-align: justify;\">O Presidente do Clube Arm\u00eanio, companheiro Nigol Nigoghosian, fez a abertura logo depois da execu\u00e7\u00e3o dos hinos do Brasil e da Arm\u00eania pelo Coral Vahakn Minassian da SAMA, sob reg\u00eancia do Maestro Alexey Kurkdjian e acompanhods pelo pianista Gustavo Fiel, dando as boas-vindas a todos os presentes e em especial \u00e0s autoridades civis e eclesi\u00e1sticas. Estiveram presentes: Bispo Dom Vartan Boghossian, Exarca Cat\u00f3lico Arm\u00eanio para Am\u00e9rica Latina, Arcipreste Der Yeznig Guzelian da Igreja Apost\u00f3lica Arm\u00eania S\u00e3o Jorge, Arcipreste Der Boghos Baronian da Igreja Apost\u00f3lica Arm\u00eania S\u00e3o Jo\u00e3o Batista de Osasco, Sra. Sonia Muradian, Presidente da Associa\u00e7\u00e3o Beneficente de Damas Brasil Arm\u00eania \u2013 HOM \u2013 Arpi de S\u00e3o Paulo, Companheira Takui Sarkissian Tavares, Presidente da <a href=\"https:\/\/www.facebook.com\/HamazkayinBrasil\/?fref=ts\" target=\"_blank\" rel=\"noopener\">Associa\u00e7\u00e3o Educativa Arm\u00eania Hamazkayn de S\u00e3o Paulo<\/a>, Enger Kevork Zadikian, Presidente do <a href=\"https:\/\/www.facebook.com\/HayTadBrasil\/\" target=\"_blank\" rel=\"noopener\">Conselho Nacional Arm\u00eanio \u2013 Brasil<\/a>, Profa. Seta Torian, representando a Diretoria do Fundo Arm\u00eania, Sr. Ohannes Semerdjian Neto, representando a Diretoria da Comunidade da Igreja Apost\u00f3lica Arm\u00eania do Brasil, companheiro Girair Mahseredjian, Presidente do Conselho Deliberativo da SAMA \u2013 Clube Arm\u00eanio e companheiro Onnig Tamdjian, Presidente do Tro Gomid\u00ea do Tashnagstsutiun de S\u00e3o Paulo.<\/p>\n<p style=\"text-align: justify;\">Logo no abertura, o Presidente Enger Nigol convidou o companheiro Hagop Burunsizian para expressar a palavra da SAMA \u2013 Clube Arm\u00eanio. Ele discorreu sobre a import\u00e2ncia da Rep\u00fablica de 1918 para uma na\u00e7\u00e3o que havia entrado no s\u00e9culo XX atingida por um traum\u00e1tico genoc\u00eddio. Na ocasi\u00e3o, Hagop rendeu homenagens ao companheiro Avedis Tchalekian que nos deixou recentemente, exaltando o exemplo de patriotismo e benemer\u00eancia, bem como de humildade, que marcou a vida deste exemplo de dedica\u00e7\u00e3o a vida comunit\u00e1ria.<\/p>\n<p style=\"text-align: justify;\">Na sequencia fizeram uso da palavra Der Yeznig Guzelian que discorreu sobre a necessidade da uni\u00e3o e da firmeza em torno da p\u00e1tria arm\u00eania a fim de evitar que os inimigos consigam atingir o pa\u00eds.<\/p>\n<p style=\"text-align: justify;\">Dom Vartan saudou a iniciativa da comemora\u00e7\u00e3o do 28 de maio e lembrou que a <a href=\"http:\/\/estacaoarmenia.com.br\/24379\" target=\"_blank\" rel=\"noopener\">visita de Sua Santidade Papa Franscisco \u00e0 Arm\u00eania no pr\u00f3ximo m\u00eas (junho)<\/a> vai representar um marco na vida de nossa p\u00e1tria-m\u00e3e.<\/p>\n<p style=\"text-align: justify;\">Em seguida, <a href=\"https:\/\/www.facebook.com\/sharer\/sharer.php?u=https%3A%2F%2Fwww.facebook.com%2FTashnagtsutiun%2Fvideos%2F996892570407364%2F&amp;display=popup&amp;ref=plugin&amp;src=video\" target=\"_blank\" rel=\"noopener\">Onnig Tamdjian trouxe a palavra oficial do Tashnagtsutiun<\/a> e lembrou que somente a determina\u00e7\u00e3o dos arm\u00eanios pode manter a vit\u00f3ria.<\/p>\n<p style=\"text-align: justify;\">E para finalizar a parte c\u00edvica, o Secretario-Geral do partido em S\u00e3o Paulo, o companheiro Garo Hovhanessian proferiu o pensamento do Tashnagtsutiun que convocou a todos para uma reflex\u00e3o sobre o ser arm\u00eanio em nossas vidas na di\u00e1spora.<\/p>\n<p style=\"text-align: justify;\">O anfitri\u00e3o da festa, Nigol Nigoghosian abriu a parte art\u00edstica convidando o <a href=\"https:\/\/www.facebook.com\/Coral-Vahakn-Minassian-1538308329739597\/?fref=ts\" target=\"_blank\" rel=\"noopener\">Coral Vahakn Minassian<\/a> para sua apresenta\u00e7\u00e3o que mais uma vez emocionou a todos com seu novo repertorio e novos arranjos de m\u00fasicas do cancioneiro patri\u00f3tico e popular arm\u00eanio, apresentando Hay Herosneri ierke, Sardarabad, Tsayn me hntchets e Gets\u00ea Zeitune (<a href=\"https:\/\/www.facebook.com\/EstacaoArmenia\/videos\/1005767986186656\/\" target=\"_blank\" rel=\"noopener\">veja o v\u00eddeo<\/a>).<\/p>\n<p style=\"text-align: justify;\">A festa se encheu de ainda mais alegria com a apresenta\u00e7\u00e3o dos jovens do <a href=\"https:\/\/www.facebook.com\/GrupoKilikia\/?fref=ts\" target=\"_blank\" rel=\"noopener\">\u201cGrupo Kilikia\u201c<\/a>, do Hamazkayin de S\u00e3o Paulo, que com seus n\u00fameros de dan\u00e7a t\u00edpica arm\u00eania encheram o espa\u00e7o de Clube Arm\u00eanio de esp\u00edrito patri\u00f3tico (<a href=\"https:\/\/www.facebook.com\/GrupoKilikia\/videos\/1138060249548990\/\" target=\"_blank\" rel=\"noopener\">assista<\/a>).<\/p>\n<p style=\"text-align: justify;\">A diretoria cultura da SAMA \u2013 Clube Arm\u00eanio rendeu homenagens ao 28 de maio com seu j\u00e1 tradicional Arte-Sama, que chegou \u00e0 sua sexta edi\u00e7\u00e3o. Associados e seus convidados brindaram os presentes com diversas apresenta\u00e7\u00f5es. Ara Kedikian, Alexey Kurkdjian, Tiago Saskanian Halak e Cesar Anitablian Baltazar apresentaram o Jazz com o melhor do cl\u00e1ssico internacional. Em seguida Vanessa Anitablian Baltazar e seu irm\u00e3o Cesar brindaram o p\u00fablico com cl\u00e1ssicos arm\u00eanios de viol\u00e3o e violino.<\/p>\n<p style=\"text-align: justify;\">A parte musical se encerrou com a apresenta\u00e7\u00e3o do grupo vocal formado pelas irm\u00e3s Ani, Anais e Nairi Kherlakian Zadikian, acompanhadas no doll (tambor arm\u00eanio) pelo companheiro Renan Hagop Heghenian e pelo maestro Alexey Kurkdjian que executaram \u201cIes Kulam\u201d, sucesso da banda arm\u00eania Dorians.<\/p>\n<p style=\"text-align: justify;\">A dire\u00e7\u00e3o t\u00e9cnica do evento ficou a cargo de Nerses Yegenerian e Denis Tchobinian e a decora\u00e7\u00e3o do sal\u00e3o com dezenas de bandeiras arm\u00eanias foi uma gentileza elaborada pelo casal Aline e Kevork Djanian.<\/p>\n<p style=\"text-align: justify;\">Ap\u00f3s as apresenta\u00e7\u00f5es o coquetel foi servido e em seguida aconteceu a \u00faltima atra\u00e7\u00e3o da noite, a exibi\u00e7\u00e3o do filme \u201c Aquelas tr\u00eas letras \u201c de Bella Bablumian.<\/p>\n<p style=\"text-align: justify;\">O esp\u00edrito de 28 de maio e a armenidade viveram mais um dia de alegria e uni\u00e3o.<\/p>\n<p style=\"text-align: justify;\"><a href=\"http:\/\/estacaoarmenia.com.br\/24566\" target=\"_blank\" rel=\"noopener\">VEJA MAIS FOTOS.<\/a><\/p>\n","protected":false},"excerpt":{"rendered":"<p>(Portal Esta\u00e7\u00e3o Arm\u00eania) O 98\u00ba Anivers\u00e1rio da Primeira Rep\u00fablica da Arm\u00eania de 1918 foi comemorado com uma emotiva festa popular. Mais de 150 pessoas compareceram ao sal\u00e3o Tchilian da SAMA \u2013 Clube Arm\u00eanio para render suas homenagens a essa data<\/p>\n","protected":false},"author":1,"featured_media":8894,"comment_status":"closed","ping_status":"closed","sticky":false,"template":"","format":"standard","meta":{"_jetpack_memberships_contains_paid_content":false,"footnotes":""},"categories":[172],"tags":[139],"class_list":["post-8893","post","type-post","status-publish","format-standard","has-post-thumbnail","hentry","category-in-the-news-","tag-cna-brasil"],"yoast_head":"<!-- This site is optimized with the Yoast SEO plugin v27.5 - https:\/\/yoast.com\/product\/yoast-seo-wordpress\/ -->\n<title>28 de maio hist\u00f3rico marcado pela participa\u00e7\u00e3o da juventude arm\u00eania de SP - Armenian National Committee - International\u2014 \u0540\u0561\u0575 \u0534\u0561\u057f\u056b \u053f\u0565\u0576\u057f\u0580\u0578\u0576\u0561\u056f\u0561\u0576 \u053d\u0578\u0580\u0570\u0578\u0582\u0580\u0564<\/title>\n<meta name=\"robots\" content=\"index, follow, max-snippet:-1, max-image-preview:large, max-video-preview:-1\" \/>\n<link rel=\"canonical\" href=\"https:\/\/www.ancnews.info\/?p=8893\" \/>\n<meta property=\"og:locale\" content=\"en_US\" \/>\n<meta property=\"og:type\" content=\"article\" \/>\n<meta property=\"og:title\" content=\"28 de maio hist\u00f3rico marcado pela participa\u00e7\u00e3o da juventude arm\u00eania de SP - Armenian National Committee - International\u2014 \u0540\u0561\u0575 \u0534\u0561\u057f\u056b \u053f\u0565\u0576\u057f\u0580\u0578\u0576\u0561\u056f\u0561\u0576 \u053d\u0578\u0580\u0570\u0578\u0582\u0580\u0564\" \/>\n<meta property=\"og:description\" content=\"(Portal Esta\u00e7\u00e3o Arm\u00eania) O 98\u00ba Anivers\u00e1rio da Primeira Rep\u00fablica da Arm\u00eania de 1918 foi comemorado com uma emotiva festa popular. Mais de 150 pessoas compareceram ao sal\u00e3o Tchilian da SAMA \u2013 Clube Arm\u00eanio para render suas homenagens a essa data\" \/>\n<meta property=\"og:url\" content=\"https:\/\/www.ancnews.info\/?p=8893\" \/>\n<meta property=\"og:site_name\" content=\"Armenian National Committee - International\u2014 \u0540\u0561\u0575 \u0534\u0561\u057f\u056b \u053f\u0565\u0576\u057f\u0580\u0578\u0576\u0561\u056f\u0561\u0576 \u053d\u0578\u0580\u0570\u0578\u0582\u0580\u0564\" \/>\n<meta property=\"article:publisher\" content=\"https:\/\/www.facebook.com\/ArmenianNationalCommitteeInternational\" \/>\n<meta property=\"article:published_time\" content=\"2016-05-29T11:04:52+00:00\" \/>\n<meta property=\"og:image\" content=\"https:\/\/www.ancnews.info\/wp-content\/uploads\/2016\/05\/CNA-Brasil-Mayis-28-2016.jpg\" \/>\n\t<meta property=\"og:image:width\" content=\"610\" \/>\n\t<meta property=\"og:image:height\" content=\"320\" \/>\n\t<meta property=\"og:image:type\" content=\"image\/jpeg\" \/>\n<meta name=\"author\" content=\"admin\" \/>\n<meta name=\"twitter:card\" content=\"summary_large_image\" \/>\n<meta name=\"twitter:creator\" content=\"@anc_intl\" \/>\n<meta name=\"twitter:site\" content=\"@anc_intl\" \/>\n<meta name=\"twitter:label1\" content=\"Written by\" \/>\n\t<meta name=\"twitter:data1\" content=\"admin\" \/>\n\t<meta name=\"twitter:label2\" content=\"Est. reading time\" \/>\n\t<meta name=\"twitter:data2\" content=\"4 minutes\" \/>\n<script type=\"application\/ld+json\" class=\"yoast-schema-graph\">{\"@context\":\"https:\\\/\\\/schema.org\",\"@graph\":[{\"@type\":\"Article\",\"@id\":\"https:\\\/\\\/www.ancnews.info\\\/?p=8893#article\",\"isPartOf\":{\"@id\":\"https:\\\/\\\/www.ancnews.info\\\/?p=8893\"},\"author\":{\"name\":\"admin\",\"@id\":\"https:\\\/\\\/www.ancnews.info\\\/#\\\/schema\\\/person\\\/00e5e75daa416d1fc86028f9c055a29b\"},\"headline\":\"28 de maio hist\u00f3rico marcado pela participa\u00e7\u00e3o da juventude arm\u00eania de SP\",\"datePublished\":\"2016-05-29T11:04:52+00:00\",\"mainEntityOfPage\":{\"@id\":\"https:\\\/\\\/www.ancnews.info\\\/?p=8893\"},\"wordCount\":866,\"image\":{\"@id\":\"https:\\\/\\\/www.ancnews.info\\\/?p=8893#primaryimage\"},\"thumbnailUrl\":\"https:\\\/\\\/i0.wp.com\\\/ancnews.info\\\/wp-content\\\/uploads\\\/2016\\\/05\\\/CNA-Brasil-Mayis-28-2016.jpg?fit=610%2C320&ssl=1\",\"keywords\":[\"CNA Brasil\"],\"articleSection\":[\"In The Media \\\/ \u0536\u053c\u0544-\u0576\u0565\u0580\u0578\u0582 \u0574\u0567\u057b\"],\"inLanguage\":\"en-US\"},{\"@type\":\"WebPage\",\"@id\":\"https:\\\/\\\/www.ancnews.info\\\/?p=8893\",\"url\":\"https:\\\/\\\/www.ancnews.info\\\/?p=8893\",\"name\":\"28 de maio hist\u00f3rico marcado pela participa\u00e7\u00e3o da juventude arm\u00eania de SP - Armenian National Committee - International\u2014 \u0540\u0561\u0575 \u0534\u0561\u057f\u056b \u053f\u0565\u0576\u057f\u0580\u0578\u0576\u0561\u056f\u0561\u0576 \u053d\u0578\u0580\u0570\u0578\u0582\u0580\u0564\",\"isPartOf\":{\"@id\":\"https:\\\/\\\/www.ancnews.info\\\/#website\"},\"primaryImageOfPage\":{\"@id\":\"https:\\\/\\\/www.ancnews.info\\\/?p=8893#primaryimage\"},\"image\":{\"@id\":\"https:\\\/\\\/www.ancnews.info\\\/?p=8893#primaryimage\"},\"thumbnailUrl\":\"https:\\\/\\\/i0.wp.com\\\/ancnews.info\\\/wp-content\\\/uploads\\\/2016\\\/05\\\/CNA-Brasil-Mayis-28-2016.jpg?fit=610%2C320&ssl=1\",\"datePublished\":\"2016-05-29T11:04:52+00:00\",\"author\":{\"@id\":\"https:\\\/\\\/www.ancnews.info\\\/#\\\/schema\\\/person\\\/00e5e75daa416d1fc86028f9c055a29b\"},\"breadcrumb\":{\"@id\":\"https:\\\/\\\/www.ancnews.info\\\/?p=8893#breadcrumb\"},\"inLanguage\":\"en-US\",\"potentialAction\":[{\"@type\":\"ReadAction\",\"target\":[\"https:\\\/\\\/www.ancnews.info\\\/?p=8893\"]}]},{\"@type\":\"ImageObject\",\"inLanguage\":\"en-US\",\"@id\":\"https:\\\/\\\/www.ancnews.info\\\/?p=8893#primaryimage\",\"url\":\"https:\\\/\\\/i0.wp.com\\\/ancnews.info\\\/wp-content\\\/uploads\\\/2016\\\/05\\\/CNA-Brasil-Mayis-28-2016.jpg?fit=610%2C320&ssl=1\",\"contentUrl\":\"https:\\\/\\\/i0.wp.com\\\/ancnews.info\\\/wp-content\\\/uploads\\\/2016\\\/05\\\/CNA-Brasil-Mayis-28-2016.jpg?fit=610%2C320&ssl=1\",\"width\":610,\"height\":320},{\"@type\":\"BreadcrumbList\",\"@id\":\"https:\\\/\\\/www.ancnews.info\\\/?p=8893#breadcrumb\",\"itemListElement\":[{\"@type\":\"ListItem\",\"position\":1,\"name\":\"Home\",\"item\":\"https:\\\/\\\/www.ancnews.info\\\/\"},{\"@type\":\"ListItem\",\"position\":2,\"name\":\"28 de maio hist\u00f3rico marcado pela participa\u00e7\u00e3o da juventude arm\u00eania de SP\"}]},{\"@type\":\"WebSite\",\"@id\":\"https:\\\/\\\/www.ancnews.info\\\/#website\",\"url\":\"https:\\\/\\\/www.ancnews.info\\\/\",\"name\":\"Armenian National Committee - International\u2014 \u0540\u0561\u0575 \u0534\u0561\u057f\u056b \u053f\u0565\u0576\u057f\u0580\u0578\u0576\u0561\u056f\u0561\u0576 \u053d\u0578\u0580\u0570\u0578\u0582\u0580\u0564\",\"description\":\"All the ANC News \\\/ \u0540\u0561\u0575 \u0534\u0561\u057f\u056b \u056f\u0561\u057c\u0578\u0575\u0581\u0576\u0565\u0580\u0578\u0582 \u0562\u0578\u056c\u0578\u0580 \u056c\u0578\u0582\u0580\u0565\u0580\u0568\",\"potentialAction\":[{\"@type\":\"SearchAction\",\"target\":{\"@type\":\"EntryPoint\",\"urlTemplate\":\"https:\\\/\\\/www.ancnews.info\\\/?s={search_term_string}\"},\"query-input\":{\"@type\":\"PropertyValueSpecification\",\"valueRequired\":true,\"valueName\":\"search_term_string\"}}],\"inLanguage\":\"en-US\"},{\"@type\":\"Person\",\"@id\":\"https:\\\/\\\/www.ancnews.info\\\/#\\\/schema\\\/person\\\/00e5e75daa416d1fc86028f9c055a29b\",\"name\":\"admin\",\"sameAs\":[\"http:\\\/\\\/hay.digipanda.ru\"],\"url\":\"https:\\\/\\\/ancnews.info\\\/?author=1\"}]}<\/script>\n<!-- \/ Yoast SEO plugin. -->","yoast_head_json":{"title":"28 de maio hist\u00f3rico marcado pela participa\u00e7\u00e3o da juventude arm\u00eania de SP - Armenian National Committee - International\u2014 \u0540\u0561\u0575 \u0534\u0561\u057f\u056b \u053f\u0565\u0576\u057f\u0580\u0578\u0576\u0561\u056f\u0561\u0576 \u053d\u0578\u0580\u0570\u0578\u0582\u0580\u0564","robots":{"index":"index","follow":"follow","max-snippet":"max-snippet:-1","max-image-preview":"max-image-preview:large","max-video-preview":"max-video-preview:-1"},"canonical":"https:\/\/www.ancnews.info\/?p=8893","og_locale":"en_US","og_type":"article","og_title":"28 de maio hist\u00f3rico marcado pela participa\u00e7\u00e3o da juventude arm\u00eania de SP - Armenian National Committee - International\u2014 \u0540\u0561\u0575 \u0534\u0561\u057f\u056b \u053f\u0565\u0576\u057f\u0580\u0578\u0576\u0561\u056f\u0561\u0576 \u053d\u0578\u0580\u0570\u0578\u0582\u0580\u0564","og_description":"(Portal Esta\u00e7\u00e3o Arm\u00eania) O 98\u00ba Anivers\u00e1rio da Primeira Rep\u00fablica da Arm\u00eania de 1918 foi comemorado com uma emotiva festa popular. Mais de 150 pessoas compareceram ao sal\u00e3o Tchilian da SAMA \u2013 Clube Arm\u00eanio para render suas homenagens a essa data","og_url":"https:\/\/www.ancnews.info\/?p=8893","og_site_name":"Armenian National Committee - International\u2014 \u0540\u0561\u0575 \u0534\u0561\u057f\u056b \u053f\u0565\u0576\u057f\u0580\u0578\u0576\u0561\u056f\u0561\u0576 \u053d\u0578\u0580\u0570\u0578\u0582\u0580\u0564","article_publisher":"https:\/\/www.facebook.com\/ArmenianNationalCommitteeInternational","article_published_time":"2016-05-29T11:04:52+00:00","og_image":[{"width":610,"height":320,"url":"https:\/\/www.ancnews.info\/wp-content\/uploads\/2016\/05\/CNA-Brasil-Mayis-28-2016.jpg","type":"image\/jpeg"}],"author":"admin","twitter_card":"summary_large_image","twitter_creator":"@anc_intl","twitter_site":"@anc_intl","twitter_misc":{"Written by":"admin","Est. reading time":"4 minutes"},"schema":{"@context":"https:\/\/schema.org","@graph":[{"@type":"Article","@id":"https:\/\/www.ancnews.info\/?p=8893#article","isPartOf":{"@id":"https:\/\/www.ancnews.info\/?p=8893"},"author":{"name":"admin","@id":"https:\/\/www.ancnews.info\/#\/schema\/person\/00e5e75daa416d1fc86028f9c055a29b"},"headline":"28 de maio hist\u00f3rico marcado pela participa\u00e7\u00e3o da juventude arm\u00eania de SP","datePublished":"2016-05-29T11:04:52+00:00","mainEntityOfPage":{"@id":"https:\/\/www.ancnews.info\/?p=8893"},"wordCount":866,"image":{"@id":"https:\/\/www.ancnews.info\/?p=8893#primaryimage"},"thumbnailUrl":"https:\/\/i0.wp.com\/ancnews.info\/wp-content\/uploads\/2016\/05\/CNA-Brasil-Mayis-28-2016.jpg?fit=610%2C320&ssl=1","keywords":["CNA Brasil"],"articleSection":["In The Media \/ \u0536\u053c\u0544-\u0576\u0565\u0580\u0578\u0582 \u0574\u0567\u057b"],"inLanguage":"en-US"},{"@type":"WebPage","@id":"https:\/\/www.ancnews.info\/?p=8893","url":"https:\/\/www.ancnews.info\/?p=8893","name":"28 de maio hist\u00f3rico marcado pela participa\u00e7\u00e3o da juventude arm\u00eania de SP - Armenian National Committee - International\u2014 \u0540\u0561\u0575 \u0534\u0561\u057f\u056b \u053f\u0565\u0576\u057f\u0580\u0578\u0576\u0561\u056f\u0561\u0576 \u053d\u0578\u0580\u0570\u0578\u0582\u0580\u0564","isPartOf":{"@id":"https:\/\/www.ancnews.info\/#website"},"primaryImageOfPage":{"@id":"https:\/\/www.ancnews.info\/?p=8893#primaryimage"},"image":{"@id":"https:\/\/www.ancnews.info\/?p=8893#primaryimage"},"thumbnailUrl":"https:\/\/i0.wp.com\/ancnews.info\/wp-content\/uploads\/2016\/05\/CNA-Brasil-Mayis-28-2016.jpg?fit=610%2C320&ssl=1","datePublished":"2016-05-29T11:04:52+00:00","author":{"@id":"https:\/\/www.ancnews.info\/#\/schema\/person\/00e5e75daa416d1fc86028f9c055a29b"},"breadcrumb":{"@id":"https:\/\/www.ancnews.info\/?p=8893#breadcrumb"},"inLanguage":"en-US","potentialAction":[{"@type":"ReadAction","target":["https:\/\/www.ancnews.info\/?p=8893"]}]},{"@type":"ImageObject","inLanguage":"en-US","@id":"https:\/\/www.ancnews.info\/?p=8893#primaryimage","url":"https:\/\/i0.wp.com\/ancnews.info\/wp-content\/uploads\/2016\/05\/CNA-Brasil-Mayis-28-2016.jpg?fit=610%2C320&ssl=1","contentUrl":"https:\/\/i0.wp.com\/ancnews.info\/wp-content\/uploads\/2016\/05\/CNA-Brasil-Mayis-28-2016.jpg?fit=610%2C320&ssl=1","width":610,"height":320},{"@type":"BreadcrumbList","@id":"https:\/\/www.ancnews.info\/?p=8893#breadcrumb","itemListElement":[{"@type":"ListItem","position":1,"name":"Home","item":"https:\/\/www.ancnews.info\/"},{"@type":"ListItem","position":2,"name":"28 de maio hist\u00f3rico marcado pela participa\u00e7\u00e3o da juventude arm\u00eania de SP"}]},{"@type":"WebSite","@id":"https:\/\/www.ancnews.info\/#website","url":"https:\/\/www.ancnews.info\/","name":"Armenian National Committee - International\u2014 \u0540\u0561\u0575 \u0534\u0561\u057f\u056b \u053f\u0565\u0576\u057f\u0580\u0578\u0576\u0561\u056f\u0561\u0576 \u053d\u0578\u0580\u0570\u0578\u0582\u0580\u0564","description":"All the ANC News \/ \u0540\u0561\u0575 \u0534\u0561\u057f\u056b \u056f\u0561\u057c\u0578\u0575\u0581\u0576\u0565\u0580\u0578\u0582 \u0562\u0578\u056c\u0578\u0580 \u056c\u0578\u0582\u0580\u0565\u0580\u0568","potentialAction":[{"@type":"SearchAction","target":{"@type":"EntryPoint","urlTemplate":"https:\/\/www.ancnews.info\/?s={search_term_string}"},"query-input":{"@type":"PropertyValueSpecification","valueRequired":true,"valueName":"search_term_string"}}],"inLanguage":"en-US"},{"@type":"Person","@id":"https:\/\/www.ancnews.info\/#\/schema\/person\/00e5e75daa416d1fc86028f9c055a29b","name":"admin","sameAs":["http:\/\/hay.digipanda.ru"],"url":"https:\/\/ancnews.info\/?author=1"}]}},"jetpack_featured_media_url":"https:\/\/i0.wp.com\/ancnews.info\/wp-content\/uploads\/2016\/05\/CNA-Brasil-Mayis-28-2016.jpg?fit=610%2C320&ssl=1","jetpack_sharing_enabled":true,"_links":{"self":[{"href":"https:\/\/ancnews.info\/index.php?rest_route=\/wp\/v2\/posts\/8893","targetHints":{"allow":["GET"]}}],"collection":[{"href":"https:\/\/ancnews.info\/index.php?rest_route=\/wp\/v2\/posts"}],"about":[{"href":"https:\/\/ancnews.info\/index.php?rest_route=\/wp\/v2\/types\/post"}],"author":[{"embeddable":true,"href":"https:\/\/ancnews.info\/index.php?rest_route=\/wp\/v2\/users\/1"}],"replies":[{"embeddable":true,"href":"https:\/\/ancnews.info\/index.php?rest_route=%2Fwp%2Fv2%2Fcomments&post=8893"}],"version-history":[{"count":0,"href":"https:\/\/ancnews.info\/index.php?rest_route=\/wp\/v2\/posts\/8893\/revisions"}],"wp:featuredmedia":[{"embeddable":true,"href":"https:\/\/ancnews.info\/index.php?rest_route=\/wp\/v2\/media\/8894"}],"wp:attachment":[{"href":"https:\/\/ancnews.info\/index.php?rest_route=%2Fwp%2Fv2%2Fmedia&parent=8893"}],"wp:term":[{"taxonomy":"category","embeddable":true,"href":"https:\/\/ancnews.info\/index.php?rest_route=%2Fwp%2Fv2%2Fcategories&post=8893"},{"taxonomy":"post_tag","embeddable":true,"href":"https:\/\/ancnews.info\/index.php?rest_route=%2Fwp%2Fv2%2Ftags&post=8893"}],"curies":[{"name":"wp","href":"https:\/\/api.w.org\/{rel}","templated":true}]}}