{"id":7766,"date":"2016-03-21T11:51:30","date_gmt":"2016-03-21T11:51:30","guid":{"rendered":"https:\/\/ancnews.info\/?p=7766"},"modified":"2016-03-21T11:51:30","modified_gmt":"2016-03-21T11:51:30","slug":"declaration-commune-contre-la-presence-des-negationnistes","status":"publish","type":"post","link":"https:\/\/ancnews.info\/?p=7766","title":{"rendered":"DECLARATION COMMUNE CONTRE LA PRESENCE DES NEGATIONNISTES"},"content":{"rendered":"<p style=\"text-align: justify;\">Bruxelles, le 21 mars 2016<br \/>\nA l\u2019attention de Monsieur Herv\u00e9 Hasquin<br \/>\nAcad\u00e9mie Royale de Belgique<br \/>\nSecr\u00e9taire perp\u00e9tuel<br \/>\nRue Ducale 1<br \/>\n1000 Bruxelles<\/p>\n<p style=\"text-align: justify;\">Monsieur le Secr\u00e9taire perp\u00e9tuel,<\/p>\n<p style=\"text-align: justify;\">Concerne: Colloque des 24 et 25 mars 2016 : Le processus de construction de la nation dans les Balkans : nettoyage ethnique et <!--more Continue reading \/ \u0531\u0574\u0562\u0578\u0572\u057b\u0568 \u2192--> massacres des musulmans ottomans et turcs (1912-1913). Colloque organis\u00e9 par le Coll\u00e8ge Belgique (Acad\u00e9mie royale de Belgique) et l\u2019Universit\u00e9 d\u2019Utah.<\/p>\n<p style=\"text-align: justify;\">L\u2019Acad\u00e9mie royale, Coll\u00e8ge Belgique, accueillera les 24 et 25 mars 2016 des orateurs dont les prises de parole et les \u00e9crits pass\u00e9s sont contraires \u00e0 la dignit\u00e9 et \u00e0 aux valeurs humaines.<\/p>\n<p style=\"text-align: justify;\">Il est \u00e0 craindre, bien au-del\u00e0 d\u2019un doute raisonnable, que des propos n\u00e9gationnistes seront publiquement tenus. L\u2019approche consistera, selon la pratique n\u00e9gationniste, \u00e0 r\u00e9duire les victimes du g\u00e9nocide des Arm\u00e9niens \u00e0 des victimes de la premi\u00e8re guerre mondiale et \u00e0 les traiter sur le m\u00eame plan que les victimes civiles de l\u2019Empire Ottoman, nombreuses sans aucun doute, d\u00e9c\u00e9d\u00e9es lors de son d\u00e9membrement et de la premi\u00e8re guerre mondiale<\/p>\n<p style=\"text-align: justify;\">Les titres acad\u00e9miques des orateurs sont un leurre l\u00e9nifiant : Faurisson porte aussi le titre de professeur. Certains parmi eux sont consid\u00e9r\u00e9s comme infr\u00e9quentables par les historiens et les associations protectrices des droits de l\u2019homme.<\/p>\n<p style=\"text-align: justify;\">Est-il d\u00e9cent et admissible que l\u2019Acad\u00e9mie royale, Coll\u00e8ge Belgique, qui a courageusement organis\u00e9 une conf\u00e9rence l\u2019ann\u00e9e derni\u00e8re consacr\u00e9e au g\u00e9nocide des Arm\u00e9niens, prenne le risque de renier l\u2019histoire et d\u2019insulter la m\u00e9moire des victimes du g\u00e9nocide de 1915 ?<\/p>\n<p style=\"text-align: justify;\">Le g\u00e9nocide de 1915 a \u00e9t\u00e9. Le n\u00e9gationnisme est.<\/p>\n<p style=\"text-align: justify;\">L\u2019Acad\u00e9mie royale, Coll\u00e8ge Belgique, accepte-t-elle le risque d\u2019ouvrir sa tribune, en invoquant la libert\u00e9 d\u2019expression, \u00e0 des falsificateurs qui puissent assimiler, par une sym\u00e9trie artificielle, les victimes civiles ou militaires d\u2019une guerre avec les victimes d\u2019un g\u00e9nocide ?<\/p>\n<p style=\"text-align: justify;\">Nous ne souhaitons pas que notre Acad\u00e9mie royale puisse \u00eatre associ\u00e9e, f\u00fbt-ce indirectement, \u00e0 l\u2019ignominie d\u2019une manifestation qui, sous les dehors de la science historique, puisse devenir l\u2019expression d\u2019un n\u00e9gationnisme perfide. L\u2019identit\u00e9 et le pass\u00e9 de certains intervenants ne laissent pas place au doute tandis que les th\u00e8mes choisis pr\u00eatent \u00e0 une insidieuse confusion.<\/p>\n<p style=\"text-align: justify;\">Chacun des soussign\u00e9s et chacune des associations repr\u00e9sent\u00e9es vous demandent solennellement de ne pas accueillir dans vos murs les orateurs dont le th\u00e8me \u00e0 traiter concerne le g\u00e9nocide des Arm\u00e9niens, des Aram\u00e9ens, des Assyriens et des Grecs du Pont, avec la m\u00eame conviction humaniste que si M. Faurisson avait \u00e9t\u00e9 invit\u00e9 \u00e0 parler des victimes de la deuxi\u00e8me guerre mondiale ou de la \u00ab question juive \u00bb.<\/p>\n<p style=\"text-align: justify;\">Pour en avoir le c\u0153ur et la conscience nets, demandez \u00e0 chacun des orateurs et organisateurs du colloque si le g\u00e9nocide de 1915 des Arm\u00e9niens, des Aram\u00e9ens, des Assyriens et des Grecs du Pont a exist\u00e9.<\/p>\n<p style=\"text-align: justify;\">Leur r\u00e9ponse sera \u00e9clairante.<\/p>\n<p style=\"text-align: justify;\">Si, chez chacun, elle est positive, sans la moindre r\u00e9serve, consid\u00e9rez la pr\u00e9sente comme une pr\u00e9caution utile.<\/p>\n<p style=\"text-align: justify;\">Si une seule des r\u00e9ponses est autre, consid\u00e9rez la pr\u00e9sente comme un cri d\u2019effroi et de stupeur dans la Nuit et le Brouillard qui jetteront une obscurit\u00e9 durable sur votre institution.<\/p>\n<p style=\"text-align: justify;\">Nous vous prions de croire, Monsieur le Secr\u00e9taire perp\u00e9tuel, \u00e0 l\u2019assurance de notre haute consid\u00e9ration.<\/p>\n<p style=\"text-align: justify;\"><a href=\"https:\/\/www.facebook.com\/HAYTAD.BELGIQUE\/?fref=ts\" target=\"_blank\" rel=\"noopener\">Armenian National Committee of Belgium &#8211; CDCA HAY TAD<\/a><\/p>\n<p style=\"text-align: justify;\">Armenian Relief Society ARS Belgium \u0540\u0561\u0575 \u0555\u0563\u0576\u0578\u0582\u0569\u0565\u0561\u0576 \u0544\u056b\u0578\u0582\u0569\u056b\u0582\u0576 HOM<\/p>\n<p style=\"text-align: justify;\">Association des Arm\u00e9niens D\u00e9mocrates de Belgique<\/p>\n<p style=\"text-align: justify;\">Association des Grecs pontiques de Bruxelles Kamian &#8216;k&#8217;en argos<\/p>\n<p style=\"text-align: justify;\">Ateliers du Soleil ASBL<\/p>\n<p style=\"text-align: justify;\">Collectif belge pour la pr\u00e9vention des crimes de g\u00e9nocide et contre les n\u00e9gationnismes<\/p>\n<p style=\"text-align: justify;\">Comit\u00e9 des Arm\u00e9niens de Belgique<\/p>\n<p style=\"text-align: justify;\">Comit\u00e9 de soutien aux Chr\u00e9tiens d&#8217;Orient &#8211; CSCO<\/p>\n<p style=\"text-align: justify;\"><a href=\"https:\/\/www.facebook.com\/European.Armenian.Federation\/?fref=ts\" target=\"_blank\" rel=\"noopener\">European Armenian Federation for Justice and Democracy (EAFJD)<\/a><\/p>\n<p style=\"text-align: justify;\">European Syriac Union &#8211; ESU<\/p>\n<p style=\"text-align: justify;\">F\u00e9d\u00e9ration des Aram\u00e9ens (Syriaques) de Belgique<\/p>\n<p style=\"text-align: justify;\">F\u00e9d\u00e9ration des Aram\u00e9ens de Belgique<\/p>\n<p style=\"text-align: justify;\">F\u00e9d\u00e9ration des Assyriens de Belgique (FedAB)<\/p>\n<p style=\"text-align: justify;\">Fondation Info-Turk<\/p>\n<p style=\"text-align: justify;\">Hayasa &#8211; Armenian Student Association of Belgium<\/p>\n<p style=\"text-align: justify;\">Ibuka M\u00e9moire et Justice<\/p>\n<p style=\"text-align: justify;\">Institut Kurde de Bruxelles \u2013 Kurdish Institute of Brussels<\/p>\n<p style=\"text-align: justify;\">Institut Syriaque de Belgique<\/p>\n<p style=\"text-align: justify;\">Seyfo Center Belgique<\/p>\n<p style=\"text-align: justify;\">UGAB Europe<\/p>\n","protected":false},"excerpt":{"rendered":"<p>Bruxelles, le 21 mars 2016 A l\u2019attention de Monsieur Herv\u00e9 Hasquin Acad\u00e9mie Royale de Belgique Secr\u00e9taire perp\u00e9tuel Rue Ducale 1 1000 Bruxelles Monsieur le Secr\u00e9taire perp\u00e9tuel, Concerne: Colloque des 24 et 25 mars 2016 : Le processus de construction de la nation dans les Balkans : nettoyage ethnique et<\/p>\n","protected":false},"author":1,"featured_media":7767,"comment_status":"closed","ping_status":"closed","sticky":false,"template":"","format":"standard","meta":{"_jetpack_memberships_contains_paid_content":false,"footnotes":""},"categories":[109],"tags":[294,357],"class_list":["post-7766","post","type-post","status-publish","format-standard","has-post-thumbnail","hentry","category-actualite","tag-cdca-belgique","tag-federation-euro-armenienne-pour-la-justice-et-la-democratie"],"yoast_head":"<!-- This site is optimized with the Yoast SEO plugin v26.9 - https:\/\/yoast.com\/product\/yoast-seo-wordpress\/ -->\n<title>DECLARATION COMMUNE CONTRE LA PRESENCE DES NEGATIONNISTES - Armenian National Committee - International\u2014 \u0540\u0561\u0575 \u0534\u0561\u057f\u056b \u053f\u0565\u0576\u057f\u0580\u0578\u0576\u0561\u056f\u0561\u0576 \u053d\u0578\u0580\u0570\u0578\u0582\u0580\u0564<\/title>\n<meta name=\"robots\" content=\"index, follow, max-snippet:-1, max-image-preview:large, max-video-preview:-1\" \/>\n<link rel=\"canonical\" href=\"https:\/\/www.ancnews.info\/?p=7766\" \/>\n<meta property=\"og:locale\" content=\"en_US\" \/>\n<meta property=\"og:type\" content=\"article\" \/>\n<meta property=\"og:title\" content=\"DECLARATION COMMUNE CONTRE LA PRESENCE DES NEGATIONNISTES - Armenian National Committee - International\u2014 \u0540\u0561\u0575 \u0534\u0561\u057f\u056b \u053f\u0565\u0576\u057f\u0580\u0578\u0576\u0561\u056f\u0561\u0576 \u053d\u0578\u0580\u0570\u0578\u0582\u0580\u0564\" \/>\n<meta property=\"og:description\" content=\"Bruxelles, le 21 mars 2016 A l\u2019attention de Monsieur Herv\u00e9 Hasquin Acad\u00e9mie Royale de Belgique Secr\u00e9taire perp\u00e9tuel Rue Ducale 1 1000 Bruxelles Monsieur le Secr\u00e9taire perp\u00e9tuel, Concerne: Colloque des 24 et 25 mars 2016 : Le processus de construction de la nation dans les Balkans : nettoyage ethnique et\" \/>\n<meta property=\"og:url\" content=\"https:\/\/www.ancnews.info\/?p=7766\" \/>\n<meta property=\"og:site_name\" content=\"Armenian National Committee - International\u2014 \u0540\u0561\u0575 \u0534\u0561\u057f\u056b \u053f\u0565\u0576\u057f\u0580\u0578\u0576\u0561\u056f\u0561\u0576 \u053d\u0578\u0580\u0570\u0578\u0582\u0580\u0564\" \/>\n<meta property=\"article:publisher\" content=\"https:\/\/www.facebook.com\/ArmenianNationalCommitteeInternational\" \/>\n<meta property=\"article:published_time\" content=\"2016-03-21T11:51:30+00:00\" \/>\n<meta property=\"og:image\" content=\"https:\/\/www.ancnews.info\/wp-content\/uploads\/2016\/03\/Academie-royale-de-Belgique-logo.jpg\" \/>\n\t<meta property=\"og:image:width\" content=\"478\" \/>\n\t<meta property=\"og:image:height\" content=\"202\" \/>\n\t<meta property=\"og:image:type\" content=\"image\/jpeg\" \/>\n<meta name=\"author\" content=\"admin\" \/>\n<meta name=\"twitter:card\" content=\"summary_large_image\" \/>\n<meta name=\"twitter:creator\" content=\"@anc_intl\" \/>\n<meta name=\"twitter:site\" content=\"@anc_intl\" \/>\n<meta name=\"twitter:label1\" content=\"Written by\" \/>\n\t<meta name=\"twitter:data1\" content=\"admin\" \/>\n\t<meta name=\"twitter:label2\" content=\"Est. reading time\" \/>\n\t<meta name=\"twitter:data2\" content=\"4 minutes\" \/>\n<script type=\"application\/ld+json\" class=\"yoast-schema-graph\">{\"@context\":\"https:\/\/schema.org\",\"@graph\":[{\"@type\":\"Article\",\"@id\":\"https:\/\/www.ancnews.info\/?p=7766#article\",\"isPartOf\":{\"@id\":\"https:\/\/www.ancnews.info\/?p=7766\"},\"author\":{\"name\":\"admin\",\"@id\":\"https:\/\/www.ancnews.info\/#\/schema\/person\/00e5e75daa416d1fc86028f9c055a29b\"},\"headline\":\"DECLARATION COMMUNE CONTRE LA PRESENCE DES NEGATIONNISTES\",\"datePublished\":\"2016-03-21T11:51:30+00:00\",\"mainEntityOfPage\":{\"@id\":\"https:\/\/www.ancnews.info\/?p=7766\"},\"wordCount\":724,\"image\":{\"@id\":\"https:\/\/www.ancnews.info\/?p=7766#primaryimage\"},\"thumbnailUrl\":\"https:\/\/i0.wp.com\/ancnews.info\/wp-content\/uploads\/2016\/03\/Academie-royale-de-Belgique-logo.jpg?fit=478%2C202&ssl=1\",\"keywords\":[\"CDCA Belgique\",\"F\u00e9d\u00e9ration Euro-Arm\u00e9nienne pour la Justice et la D\u00e9mocratie\"],\"articleSection\":[\"Actualit\u00e9\"],\"inLanguage\":\"en-US\"},{\"@type\":\"WebPage\",\"@id\":\"https:\/\/www.ancnews.info\/?p=7766\",\"url\":\"https:\/\/www.ancnews.info\/?p=7766\",\"name\":\"DECLARATION COMMUNE CONTRE LA PRESENCE DES NEGATIONNISTES - Armenian National Committee - International\u2014 \u0540\u0561\u0575 \u0534\u0561\u057f\u056b \u053f\u0565\u0576\u057f\u0580\u0578\u0576\u0561\u056f\u0561\u0576 \u053d\u0578\u0580\u0570\u0578\u0582\u0580\u0564\",\"isPartOf\":{\"@id\":\"https:\/\/www.ancnews.info\/#website\"},\"primaryImageOfPage\":{\"@id\":\"https:\/\/www.ancnews.info\/?p=7766#primaryimage\"},\"image\":{\"@id\":\"https:\/\/www.ancnews.info\/?p=7766#primaryimage\"},\"thumbnailUrl\":\"https:\/\/i0.wp.com\/ancnews.info\/wp-content\/uploads\/2016\/03\/Academie-royale-de-Belgique-logo.jpg?fit=478%2C202&ssl=1\",\"datePublished\":\"2016-03-21T11:51:30+00:00\",\"author\":{\"@id\":\"https:\/\/www.ancnews.info\/#\/schema\/person\/00e5e75daa416d1fc86028f9c055a29b\"},\"breadcrumb\":{\"@id\":\"https:\/\/www.ancnews.info\/?p=7766#breadcrumb\"},\"inLanguage\":\"en-US\",\"potentialAction\":[{\"@type\":\"ReadAction\",\"target\":[\"https:\/\/www.ancnews.info\/?p=7766\"]}]},{\"@type\":\"ImageObject\",\"inLanguage\":\"en-US\",\"@id\":\"https:\/\/www.ancnews.info\/?p=7766#primaryimage\",\"url\":\"https:\/\/i0.wp.com\/ancnews.info\/wp-content\/uploads\/2016\/03\/Academie-royale-de-Belgique-logo.jpg?fit=478%2C202&ssl=1\",\"contentUrl\":\"https:\/\/i0.wp.com\/ancnews.info\/wp-content\/uploads\/2016\/03\/Academie-royale-de-Belgique-logo.jpg?fit=478%2C202&ssl=1\",\"width\":478,\"height\":202},{\"@type\":\"BreadcrumbList\",\"@id\":\"https:\/\/www.ancnews.info\/?p=7766#breadcrumb\",\"itemListElement\":[{\"@type\":\"ListItem\",\"position\":1,\"name\":\"Home\",\"item\":\"https:\/\/www.ancnews.info\/\"},{\"@type\":\"ListItem\",\"position\":2,\"name\":\"DECLARATION COMMUNE CONTRE LA PRESENCE DES NEGATIONNISTES\"}]},{\"@type\":\"WebSite\",\"@id\":\"https:\/\/www.ancnews.info\/#website\",\"url\":\"https:\/\/www.ancnews.info\/\",\"name\":\"Armenian National Committee - International\u2014 \u0540\u0561\u0575 \u0534\u0561\u057f\u056b \u053f\u0565\u0576\u057f\u0580\u0578\u0576\u0561\u056f\u0561\u0576 \u053d\u0578\u0580\u0570\u0578\u0582\u0580\u0564\",\"description\":\"All the ANC News \/ \u0540\u0561\u0575 \u0534\u0561\u057f\u056b \u056f\u0561\u057c\u0578\u0575\u0581\u0576\u0565\u0580\u0578\u0582 \u0562\u0578\u056c\u0578\u0580 \u056c\u0578\u0582\u0580\u0565\u0580\u0568\",\"potentialAction\":[{\"@type\":\"SearchAction\",\"target\":{\"@type\":\"EntryPoint\",\"urlTemplate\":\"https:\/\/www.ancnews.info\/?s={search_term_string}\"},\"query-input\":{\"@type\":\"PropertyValueSpecification\",\"valueRequired\":true,\"valueName\":\"search_term_string\"}}],\"inLanguage\":\"en-US\"},{\"@type\":\"Person\",\"@id\":\"https:\/\/www.ancnews.info\/#\/schema\/person\/00e5e75daa416d1fc86028f9c055a29b\",\"name\":\"admin\",\"sameAs\":[\"http:\/\/hay.digipanda.ru\"],\"url\":\"https:\/\/ancnews.info\/?author=1\"}]}<\/script>\n<!-- \/ Yoast SEO plugin. -->","yoast_head_json":{"title":"DECLARATION COMMUNE CONTRE LA PRESENCE DES NEGATIONNISTES - Armenian National Committee - International\u2014 \u0540\u0561\u0575 \u0534\u0561\u057f\u056b \u053f\u0565\u0576\u057f\u0580\u0578\u0576\u0561\u056f\u0561\u0576 \u053d\u0578\u0580\u0570\u0578\u0582\u0580\u0564","robots":{"index":"index","follow":"follow","max-snippet":"max-snippet:-1","max-image-preview":"max-image-preview:large","max-video-preview":"max-video-preview:-1"},"canonical":"https:\/\/www.ancnews.info\/?p=7766","og_locale":"en_US","og_type":"article","og_title":"DECLARATION COMMUNE CONTRE LA PRESENCE DES NEGATIONNISTES - Armenian National Committee - International\u2014 \u0540\u0561\u0575 \u0534\u0561\u057f\u056b \u053f\u0565\u0576\u057f\u0580\u0578\u0576\u0561\u056f\u0561\u0576 \u053d\u0578\u0580\u0570\u0578\u0582\u0580\u0564","og_description":"Bruxelles, le 21 mars 2016 A l\u2019attention de Monsieur Herv\u00e9 Hasquin Acad\u00e9mie Royale de Belgique Secr\u00e9taire perp\u00e9tuel Rue Ducale 1 1000 Bruxelles Monsieur le Secr\u00e9taire perp\u00e9tuel, Concerne: Colloque des 24 et 25 mars 2016 : Le processus de construction de la nation dans les Balkans : nettoyage ethnique et","og_url":"https:\/\/www.ancnews.info\/?p=7766","og_site_name":"Armenian National Committee - International\u2014 \u0540\u0561\u0575 \u0534\u0561\u057f\u056b \u053f\u0565\u0576\u057f\u0580\u0578\u0576\u0561\u056f\u0561\u0576 \u053d\u0578\u0580\u0570\u0578\u0582\u0580\u0564","article_publisher":"https:\/\/www.facebook.com\/ArmenianNationalCommitteeInternational","article_published_time":"2016-03-21T11:51:30+00:00","og_image":[{"width":478,"height":202,"url":"https:\/\/www.ancnews.info\/wp-content\/uploads\/2016\/03\/Academie-royale-de-Belgique-logo.jpg","type":"image\/jpeg"}],"author":"admin","twitter_card":"summary_large_image","twitter_creator":"@anc_intl","twitter_site":"@anc_intl","twitter_misc":{"Written by":"admin","Est. reading time":"4 minutes"},"schema":{"@context":"https:\/\/schema.org","@graph":[{"@type":"Article","@id":"https:\/\/www.ancnews.info\/?p=7766#article","isPartOf":{"@id":"https:\/\/www.ancnews.info\/?p=7766"},"author":{"name":"admin","@id":"https:\/\/www.ancnews.info\/#\/schema\/person\/00e5e75daa416d1fc86028f9c055a29b"},"headline":"DECLARATION COMMUNE CONTRE LA PRESENCE DES NEGATIONNISTES","datePublished":"2016-03-21T11:51:30+00:00","mainEntityOfPage":{"@id":"https:\/\/www.ancnews.info\/?p=7766"},"wordCount":724,"image":{"@id":"https:\/\/www.ancnews.info\/?p=7766#primaryimage"},"thumbnailUrl":"https:\/\/i0.wp.com\/ancnews.info\/wp-content\/uploads\/2016\/03\/Academie-royale-de-Belgique-logo.jpg?fit=478%2C202&ssl=1","keywords":["CDCA Belgique","F\u00e9d\u00e9ration Euro-Arm\u00e9nienne pour la Justice et la D\u00e9mocratie"],"articleSection":["Actualit\u00e9"],"inLanguage":"en-US"},{"@type":"WebPage","@id":"https:\/\/www.ancnews.info\/?p=7766","url":"https:\/\/www.ancnews.info\/?p=7766","name":"DECLARATION COMMUNE CONTRE LA PRESENCE DES NEGATIONNISTES - Armenian National Committee - International\u2014 \u0540\u0561\u0575 \u0534\u0561\u057f\u056b \u053f\u0565\u0576\u057f\u0580\u0578\u0576\u0561\u056f\u0561\u0576 \u053d\u0578\u0580\u0570\u0578\u0582\u0580\u0564","isPartOf":{"@id":"https:\/\/www.ancnews.info\/#website"},"primaryImageOfPage":{"@id":"https:\/\/www.ancnews.info\/?p=7766#primaryimage"},"image":{"@id":"https:\/\/www.ancnews.info\/?p=7766#primaryimage"},"thumbnailUrl":"https:\/\/i0.wp.com\/ancnews.info\/wp-content\/uploads\/2016\/03\/Academie-royale-de-Belgique-logo.jpg?fit=478%2C202&ssl=1","datePublished":"2016-03-21T11:51:30+00:00","author":{"@id":"https:\/\/www.ancnews.info\/#\/schema\/person\/00e5e75daa416d1fc86028f9c055a29b"},"breadcrumb":{"@id":"https:\/\/www.ancnews.info\/?p=7766#breadcrumb"},"inLanguage":"en-US","potentialAction":[{"@type":"ReadAction","target":["https:\/\/www.ancnews.info\/?p=7766"]}]},{"@type":"ImageObject","inLanguage":"en-US","@id":"https:\/\/www.ancnews.info\/?p=7766#primaryimage","url":"https:\/\/i0.wp.com\/ancnews.info\/wp-content\/uploads\/2016\/03\/Academie-royale-de-Belgique-logo.jpg?fit=478%2C202&ssl=1","contentUrl":"https:\/\/i0.wp.com\/ancnews.info\/wp-content\/uploads\/2016\/03\/Academie-royale-de-Belgique-logo.jpg?fit=478%2C202&ssl=1","width":478,"height":202},{"@type":"BreadcrumbList","@id":"https:\/\/www.ancnews.info\/?p=7766#breadcrumb","itemListElement":[{"@type":"ListItem","position":1,"name":"Home","item":"https:\/\/www.ancnews.info\/"},{"@type":"ListItem","position":2,"name":"DECLARATION COMMUNE CONTRE LA PRESENCE DES NEGATIONNISTES"}]},{"@type":"WebSite","@id":"https:\/\/www.ancnews.info\/#website","url":"https:\/\/www.ancnews.info\/","name":"Armenian National Committee - International\u2014 \u0540\u0561\u0575 \u0534\u0561\u057f\u056b \u053f\u0565\u0576\u057f\u0580\u0578\u0576\u0561\u056f\u0561\u0576 \u053d\u0578\u0580\u0570\u0578\u0582\u0580\u0564","description":"All the ANC News \/ \u0540\u0561\u0575 \u0534\u0561\u057f\u056b \u056f\u0561\u057c\u0578\u0575\u0581\u0576\u0565\u0580\u0578\u0582 \u0562\u0578\u056c\u0578\u0580 \u056c\u0578\u0582\u0580\u0565\u0580\u0568","potentialAction":[{"@type":"SearchAction","target":{"@type":"EntryPoint","urlTemplate":"https:\/\/www.ancnews.info\/?s={search_term_string}"},"query-input":{"@type":"PropertyValueSpecification","valueRequired":true,"valueName":"search_term_string"}}],"inLanguage":"en-US"},{"@type":"Person","@id":"https:\/\/www.ancnews.info\/#\/schema\/person\/00e5e75daa416d1fc86028f9c055a29b","name":"admin","sameAs":["http:\/\/hay.digipanda.ru"],"url":"https:\/\/ancnews.info\/?author=1"}]}},"jetpack_featured_media_url":"https:\/\/i0.wp.com\/ancnews.info\/wp-content\/uploads\/2016\/03\/Academie-royale-de-Belgique-logo.jpg?fit=478%2C202&ssl=1","jetpack_sharing_enabled":true,"_links":{"self":[{"href":"https:\/\/ancnews.info\/index.php?rest_route=\/wp\/v2\/posts\/7766","targetHints":{"allow":["GET"]}}],"collection":[{"href":"https:\/\/ancnews.info\/index.php?rest_route=\/wp\/v2\/posts"}],"about":[{"href":"https:\/\/ancnews.info\/index.php?rest_route=\/wp\/v2\/types\/post"}],"author":[{"embeddable":true,"href":"https:\/\/ancnews.info\/index.php?rest_route=\/wp\/v2\/users\/1"}],"replies":[{"embeddable":true,"href":"https:\/\/ancnews.info\/index.php?rest_route=%2Fwp%2Fv2%2Fcomments&post=7766"}],"version-history":[{"count":0,"href":"https:\/\/ancnews.info\/index.php?rest_route=\/wp\/v2\/posts\/7766\/revisions"}],"wp:featuredmedia":[{"embeddable":true,"href":"https:\/\/ancnews.info\/index.php?rest_route=\/wp\/v2\/media\/7767"}],"wp:attachment":[{"href":"https:\/\/ancnews.info\/index.php?rest_route=%2Fwp%2Fv2%2Fmedia&parent=7766"}],"wp:term":[{"taxonomy":"category","embeddable":true,"href":"https:\/\/ancnews.info\/index.php?rest_route=%2Fwp%2Fv2%2Fcategories&post=7766"},{"taxonomy":"post_tag","embeddable":true,"href":"https:\/\/ancnews.info\/index.php?rest_route=%2Fwp%2Fv2%2Ftags&post=7766"}],"curies":[{"name":"wp","href":"https:\/\/api.w.org\/{rel}","templated":true}]}}