{"id":5699,"date":"2015-06-09T15:13:39","date_gmt":"2015-06-09T15:13:39","guid":{"rendered":"https:\/\/ancnews.info\/?p=5699"},"modified":"2015-06-09T15:13:39","modified_gmt":"2015-06-09T15:13:39","slug":"turquia-llama-a-consultas-a-su-embajador-en-brasil-por-el-reconocimiento-del-genocidio-armenio","status":"publish","type":"post","link":"https:\/\/ancnews.info\/?p=5699","title":{"rendered":"Turqu\u00eda llama a consultas a su embajador en Brasil por el reconocimiento del Genocidio Armenio"},"content":{"rendered":"<p style=\"text-align: justify;\">(PRENSA ARMENIA) La Canciller\u00eda de Turqu\u00eda anunci\u00f3 que llam\u00f3 a consultas a su embajador en Brasil luego de que el Senado Federal del pa\u00eds <a href=\"http:\/\/www.prensaarmenia.com.ar\/2015\/06\/el-senado-federal-de-brasil-reconoce-el.html\" target=\"_blank\" rel=\"noopener\">reconociera el Genocidio Armenio<\/a>, en un comunicado emitido ayer, lunes 8 de junio. <!--more Continue reading \/ \u0531\u0574\u0562\u0578\u0572\u057b\u0568  \u2192--><\/p>\n<p style=\"text-align: justify;\">&#8220;Condenamos la Resoluci\u00f3n del Senado brasile\u00f1o sobre los acontecimientos de 1915, que distorsiona las verdades hist\u00f3ricas y hace caso omiso de la ley, y lo consideramos como un ejemplo de irresponsabilidad&#8221;, advierte la Canciller\u00eda de Turqu\u00eda.<\/p>\n<p style=\"text-align: justify;\">&#8220;Las decisiones pol\u00edticas de esta naturaleza, tomadas bajo la influencia de los grupos de lobby armenios no pueden cambiar los hechos hist\u00f3ricos ni las normas legales. En este contexto, nuestros puntos de vista se han transmitido al Embajador de Brasil en Ankara que fue convocado al Ministerio el 3 de junio de 2015&#8221;, inform\u00f3 la diplomacia turca, para luego anunciar que &#8220;el Embajador de Turqu\u00eda en Brasilia, el Sr. H\u00fcseyin Diri\u00f6z, tambi\u00e9n fue llamado a consultas a Ankara&#8221;.<\/p>\n<p style=\"text-align: justify;\">&#8220;Cada vez que el Estado turco ve amenazada su estrategia negacionista con una nueva declaraci\u00f3n a favor del reconocimiento del Genocidio Armenio en el mundo, presiona y detona los canales diplom\u00e1ticos&#8221;, detall\u00f3 el Dr. Alfonso Tabakian, director del <a href=\"https:\/\/www.facebook.com\/consejonacionalarmenio?fref=ts\" target=\"_blank\" rel=\"noopener\">Consejo Nacional Armenio de Sudam\u00e9rica<\/a>. &#8220;El Senado de Brasil dio un nuevo paso y se sum\u00f3 a los poderes legislativos, ejecutivos y judiciales en Sudam\u00e9rica que transitan este camino hacia la verdad y la justicia de este crimen de lesa humanidad que alcanz\u00f3 en 2015 los cien a\u00f1os de impunidad&#8221;, agreg\u00f3, en referencia a las conmemoraciones del centenario de genocidio perpetrado por el Estado turco contra el pueblo armenio entre 1915 y 1923.<\/p>\n<p style=\"text-align: justify;\">La <a href=\"http:\/\/www.senado.leg.br\/atividade\/materia\/detalhes.asp?p_cod_mate=121399\" target=\"_blank\" rel=\"noopener\">Resoluci\u00f3n N\u00ba 550\/2015<\/a>, aprobada el martes 2 de junio hab\u00eda sido presentada por los senadores Aloizio Nunes Fereira Filio y Jose Serra. Adem\u00e1s de &#8220;reconocer&#8221; el Genocidio Armenio y ofrecer su &#8220;solidaridad&#8221; con el pueblo armenio, el Senado denunci\u00f3 la &#8220;negaci\u00f3n sistem\u00e1tica y las presiones e intimidaciones contra los que intentaran reconstituir los acontecimientos hist\u00f3ricos&#8221; e inst\u00f3 al gobierno brasilero a sumarse a los reconocimientos. Los representantes de la comunidad armenia en Sao Paulo hab\u00edan calificado la resoluci\u00f3n como &#8220;la m\u00e1s importante en la historia de la lucha por la Causa Armenia en Brasil&#8221;.<\/p>\n<p style=\"text-align: justify;\">\n<p style=\"text-align: justify;\"><em>Foto: Dr. Alfonso Tabakian, director del Consejo Nacional Armenio de Sudam\u00e9rica<\/em><\/p>\n<p style=\"text-align: justify;\"><strong>Turkey Recalls Ambassador to Brazil after Armenian Genocide Recognition <\/strong><\/p>\n<p style=\"text-align: justify;\">(PRENSA ARMENIA) The Turkish Foreign Ministry announced that it had recalled its ambassador to Brazil after the country&#8217;s Federal Senate recognized the Armenian Genocide in a statement issued on Monday, June 8.<\/p>\n<p style=\"text-align: justify;\">&#8220;We condemn the Resolution of the Brazilian Senate on the events of 1915, which distorts the historical truths and ignores the law, and consider it as an example of irresponsibility,&#8221; said the Foreign Ministry of Turkey.<\/p>\n<p style=\"text-align: justify;\">&#8220;Political decisions of this nature, taken under the influence of the Armenian lobbies can neither change the historical facts nor the legal norms. In this context, our views have been conveyed to the Ambassador of Brazil in Ankara who was summoned to the Ministry on 3 June 2015,&#8221; announced the Turkish diplomacy. &#8220;Turkish Ambassador in Brasilia, Mr. H\u00fcseyin Diri\u00f6z has also been recalled to Ankara for consultations.&#8221;<\/p>\n<p style=\"text-align: justify;\">&#8220;Every time the Turkish State feels its negationist strategy threatened over a new declaration in favor of recognizing the Armenian Genocide in the world, it presses and detonates diplomatic channels,&#8221; explained Dr. Alfonso Tabakian, Director of the Armenian National Committee of South America. &#8220;The Senate of Brazil took another step and joined the legislative, executive and judicial powers in South America who travel the road of truth and justice for this crime against humanity,&#8221; he added.<\/p>\n<p style=\"text-align: justify;\">Resolution No. 550\/2015, adopted on Tuesday, June 2, was introduced by Senators Aloizio Nunes Fereira Filio and Jose Serra. The resolution &#8220;recognizes&#8221; the Armenian Genocide and offers its &#8220;solidarity&#8221; with the Armenian people. Furthermore the Senate denounced the &#8220;systematic denial, pressure and intimidation against those who try to reconstruct historical events&#8221; and urged the Brazilian government to join the recognition. The representatives of the Armenian community in Sao Paulo had described the resolution as &#8220;the most important in the history of the Armenian Cause in Brazil.&#8221;<\/p>\n","protected":false},"excerpt":{"rendered":"<p>(PRENSA ARMENIA) La Canciller\u00eda de Turqu\u00eda anunci\u00f3 que llam\u00f3 a consultas a su embajador en Brasil luego de que el Senado Federal del pa\u00eds reconociera el Genocidio Armenio, en un comunicado emitido ayer, lunes 8 de junio.<\/p>\n","protected":false},"author":1,"featured_media":5700,"comment_status":"closed","ping_status":"closed","sticky":false,"template":"","format":"standard","meta":{"_jetpack_memberships_contains_paid_content":false,"footnotes":""},"categories":[172],"tags":[135,140],"class_list":["post-5699","post","type-post","status-publish","format-standard","has-post-thumbnail","hentry","category-in-the-news-","tag-anc-south-america","tag-cna-sudamerica"],"yoast_head":"<!-- This site is optimized with the Yoast SEO plugin v27.5 - https:\/\/yoast.com\/product\/yoast-seo-wordpress\/ -->\n<title>Turqu\u00eda llama a consultas a su embajador en Brasil por el reconocimiento del Genocidio Armenio - Armenian National Committee - International\u2014 \u0540\u0561\u0575 \u0534\u0561\u057f\u056b \u053f\u0565\u0576\u057f\u0580\u0578\u0576\u0561\u056f\u0561\u0576 \u053d\u0578\u0580\u0570\u0578\u0582\u0580\u0564<\/title>\n<meta name=\"robots\" content=\"index, follow, max-snippet:-1, max-image-preview:large, max-video-preview:-1\" \/>\n<link rel=\"canonical\" href=\"https:\/\/www.ancnews.info\/?p=5699\" \/>\n<meta property=\"og:locale\" content=\"en_US\" \/>\n<meta property=\"og:type\" content=\"article\" \/>\n<meta property=\"og:title\" content=\"Turqu\u00eda llama a consultas a su embajador en Brasil por el reconocimiento del Genocidio Armenio - Armenian National Committee - International\u2014 \u0540\u0561\u0575 \u0534\u0561\u057f\u056b \u053f\u0565\u0576\u057f\u0580\u0578\u0576\u0561\u056f\u0561\u0576 \u053d\u0578\u0580\u0570\u0578\u0582\u0580\u0564\" \/>\n<meta property=\"og:description\" content=\"(PRENSA ARMENIA) La Canciller\u00eda de Turqu\u00eda anunci\u00f3 que llam\u00f3 a consultas a su embajador en Brasil luego de que el Senado Federal del pa\u00eds reconociera el Genocidio Armenio, en un comunicado emitido ayer, lunes 8 de junio.\" \/>\n<meta property=\"og:url\" content=\"https:\/\/www.ancnews.info\/?p=5699\" \/>\n<meta property=\"og:site_name\" content=\"Armenian National Committee - International\u2014 \u0540\u0561\u0575 \u0534\u0561\u057f\u056b \u053f\u0565\u0576\u057f\u0580\u0578\u0576\u0561\u056f\u0561\u0576 \u053d\u0578\u0580\u0570\u0578\u0582\u0580\u0564\" \/>\n<meta property=\"article:publisher\" content=\"https:\/\/www.facebook.com\/ArmenianNationalCommitteeInternational\" \/>\n<meta property=\"article:published_time\" content=\"2015-06-09T15:13:39+00:00\" \/>\n<meta property=\"og:image\" content=\"https:\/\/www.ancnews.info\/wp-content\/uploads\/2015\/06\/CNA-Sudamerica-Tabakian.jpg\" \/>\n\t<meta property=\"og:image:width\" content=\"770\" \/>\n\t<meta property=\"og:image:height\" content=\"554\" \/>\n\t<meta property=\"og:image:type\" content=\"image\/jpeg\" \/>\n<meta name=\"author\" content=\"admin\" \/>\n<meta name=\"twitter:card\" content=\"summary_large_image\" \/>\n<meta name=\"twitter:creator\" content=\"@anc_intl\" \/>\n<meta name=\"twitter:site\" content=\"@anc_intl\" \/>\n<meta name=\"twitter:label1\" content=\"Written by\" \/>\n\t<meta name=\"twitter:data1\" content=\"admin\" \/>\n\t<meta name=\"twitter:label2\" content=\"Est. reading time\" \/>\n\t<meta name=\"twitter:data2\" content=\"3 minutes\" \/>\n<script type=\"application\/ld+json\" class=\"yoast-schema-graph\">{\"@context\":\"https:\\\/\\\/schema.org\",\"@graph\":[{\"@type\":\"Article\",\"@id\":\"https:\\\/\\\/www.ancnews.info\\\/?p=5699#article\",\"isPartOf\":{\"@id\":\"https:\\\/\\\/www.ancnews.info\\\/?p=5699\"},\"author\":{\"name\":\"admin\",\"@id\":\"https:\\\/\\\/www.ancnews.info\\\/#\\\/schema\\\/person\\\/00e5e75daa416d1fc86028f9c055a29b\"},\"headline\":\"Turqu\u00eda llama a consultas a su embajador en Brasil por el reconocimiento del Genocidio Armenio\",\"datePublished\":\"2015-06-09T15:13:39+00:00\",\"mainEntityOfPage\":{\"@id\":\"https:\\\/\\\/www.ancnews.info\\\/?p=5699\"},\"wordCount\":707,\"image\":{\"@id\":\"https:\\\/\\\/www.ancnews.info\\\/?p=5699#primaryimage\"},\"thumbnailUrl\":\"https:\\\/\\\/i0.wp.com\\\/ancnews.info\\\/wp-content\\\/uploads\\\/2015\\\/06\\\/CNA-Sudamerica-Tabakian.jpg?fit=770%2C554&ssl=1\",\"keywords\":[\"ANC South America\",\"CNA Sudam\u00e9rica\"],\"articleSection\":[\"In The Media \\\/ \u0536\u053c\u0544-\u0576\u0565\u0580\u0578\u0582 \u0574\u0567\u057b\"],\"inLanguage\":\"en-US\"},{\"@type\":\"WebPage\",\"@id\":\"https:\\\/\\\/www.ancnews.info\\\/?p=5699\",\"url\":\"https:\\\/\\\/www.ancnews.info\\\/?p=5699\",\"name\":\"Turqu\u00eda llama a consultas a su embajador en Brasil por el reconocimiento del Genocidio Armenio - Armenian National Committee - International\u2014 \u0540\u0561\u0575 \u0534\u0561\u057f\u056b \u053f\u0565\u0576\u057f\u0580\u0578\u0576\u0561\u056f\u0561\u0576 \u053d\u0578\u0580\u0570\u0578\u0582\u0580\u0564\",\"isPartOf\":{\"@id\":\"https:\\\/\\\/www.ancnews.info\\\/#website\"},\"primaryImageOfPage\":{\"@id\":\"https:\\\/\\\/www.ancnews.info\\\/?p=5699#primaryimage\"},\"image\":{\"@id\":\"https:\\\/\\\/www.ancnews.info\\\/?p=5699#primaryimage\"},\"thumbnailUrl\":\"https:\\\/\\\/i0.wp.com\\\/ancnews.info\\\/wp-content\\\/uploads\\\/2015\\\/06\\\/CNA-Sudamerica-Tabakian.jpg?fit=770%2C554&ssl=1\",\"datePublished\":\"2015-06-09T15:13:39+00:00\",\"author\":{\"@id\":\"https:\\\/\\\/www.ancnews.info\\\/#\\\/schema\\\/person\\\/00e5e75daa416d1fc86028f9c055a29b\"},\"breadcrumb\":{\"@id\":\"https:\\\/\\\/www.ancnews.info\\\/?p=5699#breadcrumb\"},\"inLanguage\":\"en-US\",\"potentialAction\":[{\"@type\":\"ReadAction\",\"target\":[\"https:\\\/\\\/www.ancnews.info\\\/?p=5699\"]}]},{\"@type\":\"ImageObject\",\"inLanguage\":\"en-US\",\"@id\":\"https:\\\/\\\/www.ancnews.info\\\/?p=5699#primaryimage\",\"url\":\"https:\\\/\\\/i0.wp.com\\\/ancnews.info\\\/wp-content\\\/uploads\\\/2015\\\/06\\\/CNA-Sudamerica-Tabakian.jpg?fit=770%2C554&ssl=1\",\"contentUrl\":\"https:\\\/\\\/i0.wp.com\\\/ancnews.info\\\/wp-content\\\/uploads\\\/2015\\\/06\\\/CNA-Sudamerica-Tabakian.jpg?fit=770%2C554&ssl=1\",\"width\":770,\"height\":554,\"caption\":\"Dr. Alfonso Tabakian\"},{\"@type\":\"BreadcrumbList\",\"@id\":\"https:\\\/\\\/www.ancnews.info\\\/?p=5699#breadcrumb\",\"itemListElement\":[{\"@type\":\"ListItem\",\"position\":1,\"name\":\"Home\",\"item\":\"https:\\\/\\\/www.ancnews.info\\\/\"},{\"@type\":\"ListItem\",\"position\":2,\"name\":\"Turqu\u00eda llama a consultas a su embajador en Brasil por el reconocimiento del Genocidio Armenio\"}]},{\"@type\":\"WebSite\",\"@id\":\"https:\\\/\\\/www.ancnews.info\\\/#website\",\"url\":\"https:\\\/\\\/www.ancnews.info\\\/\",\"name\":\"Armenian National Committee - International\u2014 \u0540\u0561\u0575 \u0534\u0561\u057f\u056b \u053f\u0565\u0576\u057f\u0580\u0578\u0576\u0561\u056f\u0561\u0576 \u053d\u0578\u0580\u0570\u0578\u0582\u0580\u0564\",\"description\":\"All the ANC News \\\/ \u0540\u0561\u0575 \u0534\u0561\u057f\u056b \u056f\u0561\u057c\u0578\u0575\u0581\u0576\u0565\u0580\u0578\u0582 \u0562\u0578\u056c\u0578\u0580 \u056c\u0578\u0582\u0580\u0565\u0580\u0568\",\"potentialAction\":[{\"@type\":\"SearchAction\",\"target\":{\"@type\":\"EntryPoint\",\"urlTemplate\":\"https:\\\/\\\/www.ancnews.info\\\/?s={search_term_string}\"},\"query-input\":{\"@type\":\"PropertyValueSpecification\",\"valueRequired\":true,\"valueName\":\"search_term_string\"}}],\"inLanguage\":\"en-US\"},{\"@type\":\"Person\",\"@id\":\"https:\\\/\\\/www.ancnews.info\\\/#\\\/schema\\\/person\\\/00e5e75daa416d1fc86028f9c055a29b\",\"name\":\"admin\",\"sameAs\":[\"http:\\\/\\\/hay.digipanda.ru\"],\"url\":\"https:\\\/\\\/ancnews.info\\\/?author=1\"}]}<\/script>\n<!-- \/ Yoast SEO plugin. -->","yoast_head_json":{"title":"Turqu\u00eda llama a consultas a su embajador en Brasil por el reconocimiento del Genocidio Armenio - Armenian National Committee - International\u2014 \u0540\u0561\u0575 \u0534\u0561\u057f\u056b \u053f\u0565\u0576\u057f\u0580\u0578\u0576\u0561\u056f\u0561\u0576 \u053d\u0578\u0580\u0570\u0578\u0582\u0580\u0564","robots":{"index":"index","follow":"follow","max-snippet":"max-snippet:-1","max-image-preview":"max-image-preview:large","max-video-preview":"max-video-preview:-1"},"canonical":"https:\/\/www.ancnews.info\/?p=5699","og_locale":"en_US","og_type":"article","og_title":"Turqu\u00eda llama a consultas a su embajador en Brasil por el reconocimiento del Genocidio Armenio - Armenian National Committee - International\u2014 \u0540\u0561\u0575 \u0534\u0561\u057f\u056b \u053f\u0565\u0576\u057f\u0580\u0578\u0576\u0561\u056f\u0561\u0576 \u053d\u0578\u0580\u0570\u0578\u0582\u0580\u0564","og_description":"(PRENSA ARMENIA) La Canciller\u00eda de Turqu\u00eda anunci\u00f3 que llam\u00f3 a consultas a su embajador en Brasil luego de que el Senado Federal del pa\u00eds reconociera el Genocidio Armenio, en un comunicado emitido ayer, lunes 8 de junio.","og_url":"https:\/\/www.ancnews.info\/?p=5699","og_site_name":"Armenian National Committee - International\u2014 \u0540\u0561\u0575 \u0534\u0561\u057f\u056b \u053f\u0565\u0576\u057f\u0580\u0578\u0576\u0561\u056f\u0561\u0576 \u053d\u0578\u0580\u0570\u0578\u0582\u0580\u0564","article_publisher":"https:\/\/www.facebook.com\/ArmenianNationalCommitteeInternational","article_published_time":"2015-06-09T15:13:39+00:00","og_image":[{"width":770,"height":554,"url":"https:\/\/www.ancnews.info\/wp-content\/uploads\/2015\/06\/CNA-Sudamerica-Tabakian.jpg","type":"image\/jpeg"}],"author":"admin","twitter_card":"summary_large_image","twitter_creator":"@anc_intl","twitter_site":"@anc_intl","twitter_misc":{"Written by":"admin","Est. reading time":"3 minutes"},"schema":{"@context":"https:\/\/schema.org","@graph":[{"@type":"Article","@id":"https:\/\/www.ancnews.info\/?p=5699#article","isPartOf":{"@id":"https:\/\/www.ancnews.info\/?p=5699"},"author":{"name":"admin","@id":"https:\/\/www.ancnews.info\/#\/schema\/person\/00e5e75daa416d1fc86028f9c055a29b"},"headline":"Turqu\u00eda llama a consultas a su embajador en Brasil por el reconocimiento del Genocidio Armenio","datePublished":"2015-06-09T15:13:39+00:00","mainEntityOfPage":{"@id":"https:\/\/www.ancnews.info\/?p=5699"},"wordCount":707,"image":{"@id":"https:\/\/www.ancnews.info\/?p=5699#primaryimage"},"thumbnailUrl":"https:\/\/i0.wp.com\/ancnews.info\/wp-content\/uploads\/2015\/06\/CNA-Sudamerica-Tabakian.jpg?fit=770%2C554&ssl=1","keywords":["ANC South America","CNA Sudam\u00e9rica"],"articleSection":["In The Media \/ \u0536\u053c\u0544-\u0576\u0565\u0580\u0578\u0582 \u0574\u0567\u057b"],"inLanguage":"en-US"},{"@type":"WebPage","@id":"https:\/\/www.ancnews.info\/?p=5699","url":"https:\/\/www.ancnews.info\/?p=5699","name":"Turqu\u00eda llama a consultas a su embajador en Brasil por el reconocimiento del Genocidio Armenio - Armenian National Committee - International\u2014 \u0540\u0561\u0575 \u0534\u0561\u057f\u056b \u053f\u0565\u0576\u057f\u0580\u0578\u0576\u0561\u056f\u0561\u0576 \u053d\u0578\u0580\u0570\u0578\u0582\u0580\u0564","isPartOf":{"@id":"https:\/\/www.ancnews.info\/#website"},"primaryImageOfPage":{"@id":"https:\/\/www.ancnews.info\/?p=5699#primaryimage"},"image":{"@id":"https:\/\/www.ancnews.info\/?p=5699#primaryimage"},"thumbnailUrl":"https:\/\/i0.wp.com\/ancnews.info\/wp-content\/uploads\/2015\/06\/CNA-Sudamerica-Tabakian.jpg?fit=770%2C554&ssl=1","datePublished":"2015-06-09T15:13:39+00:00","author":{"@id":"https:\/\/www.ancnews.info\/#\/schema\/person\/00e5e75daa416d1fc86028f9c055a29b"},"breadcrumb":{"@id":"https:\/\/www.ancnews.info\/?p=5699#breadcrumb"},"inLanguage":"en-US","potentialAction":[{"@type":"ReadAction","target":["https:\/\/www.ancnews.info\/?p=5699"]}]},{"@type":"ImageObject","inLanguage":"en-US","@id":"https:\/\/www.ancnews.info\/?p=5699#primaryimage","url":"https:\/\/i0.wp.com\/ancnews.info\/wp-content\/uploads\/2015\/06\/CNA-Sudamerica-Tabakian.jpg?fit=770%2C554&ssl=1","contentUrl":"https:\/\/i0.wp.com\/ancnews.info\/wp-content\/uploads\/2015\/06\/CNA-Sudamerica-Tabakian.jpg?fit=770%2C554&ssl=1","width":770,"height":554,"caption":"Dr. Alfonso Tabakian"},{"@type":"BreadcrumbList","@id":"https:\/\/www.ancnews.info\/?p=5699#breadcrumb","itemListElement":[{"@type":"ListItem","position":1,"name":"Home","item":"https:\/\/www.ancnews.info\/"},{"@type":"ListItem","position":2,"name":"Turqu\u00eda llama a consultas a su embajador en Brasil por el reconocimiento del Genocidio Armenio"}]},{"@type":"WebSite","@id":"https:\/\/www.ancnews.info\/#website","url":"https:\/\/www.ancnews.info\/","name":"Armenian National Committee - International\u2014 \u0540\u0561\u0575 \u0534\u0561\u057f\u056b \u053f\u0565\u0576\u057f\u0580\u0578\u0576\u0561\u056f\u0561\u0576 \u053d\u0578\u0580\u0570\u0578\u0582\u0580\u0564","description":"All the ANC News \/ \u0540\u0561\u0575 \u0534\u0561\u057f\u056b \u056f\u0561\u057c\u0578\u0575\u0581\u0576\u0565\u0580\u0578\u0582 \u0562\u0578\u056c\u0578\u0580 \u056c\u0578\u0582\u0580\u0565\u0580\u0568","potentialAction":[{"@type":"SearchAction","target":{"@type":"EntryPoint","urlTemplate":"https:\/\/www.ancnews.info\/?s={search_term_string}"},"query-input":{"@type":"PropertyValueSpecification","valueRequired":true,"valueName":"search_term_string"}}],"inLanguage":"en-US"},{"@type":"Person","@id":"https:\/\/www.ancnews.info\/#\/schema\/person\/00e5e75daa416d1fc86028f9c055a29b","name":"admin","sameAs":["http:\/\/hay.digipanda.ru"],"url":"https:\/\/ancnews.info\/?author=1"}]}},"jetpack_featured_media_url":"https:\/\/i0.wp.com\/ancnews.info\/wp-content\/uploads\/2015\/06\/CNA-Sudamerica-Tabakian.jpg?fit=770%2C554&ssl=1","jetpack_sharing_enabled":true,"_links":{"self":[{"href":"https:\/\/ancnews.info\/index.php?rest_route=\/wp\/v2\/posts\/5699","targetHints":{"allow":["GET"]}}],"collection":[{"href":"https:\/\/ancnews.info\/index.php?rest_route=\/wp\/v2\/posts"}],"about":[{"href":"https:\/\/ancnews.info\/index.php?rest_route=\/wp\/v2\/types\/post"}],"author":[{"embeddable":true,"href":"https:\/\/ancnews.info\/index.php?rest_route=\/wp\/v2\/users\/1"}],"replies":[{"embeddable":true,"href":"https:\/\/ancnews.info\/index.php?rest_route=%2Fwp%2Fv2%2Fcomments&post=5699"}],"version-history":[{"count":0,"href":"https:\/\/ancnews.info\/index.php?rest_route=\/wp\/v2\/posts\/5699\/revisions"}],"wp:featuredmedia":[{"embeddable":true,"href":"https:\/\/ancnews.info\/index.php?rest_route=\/wp\/v2\/media\/5700"}],"wp:attachment":[{"href":"https:\/\/ancnews.info\/index.php?rest_route=%2Fwp%2Fv2%2Fmedia&parent=5699"}],"wp:term":[{"taxonomy":"category","embeddable":true,"href":"https:\/\/ancnews.info\/index.php?rest_route=%2Fwp%2Fv2%2Fcategories&post=5699"},{"taxonomy":"post_tag","embeddable":true,"href":"https:\/\/ancnews.info\/index.php?rest_route=%2Fwp%2Fv2%2Ftags&post=5699"}],"curies":[{"name":"wp","href":"https:\/\/api.w.org\/{rel}","templated":true}]}}