{"id":5480,"date":"2015-05-06T09:38:20","date_gmt":"2015-05-06T09:38:20","guid":{"rendered":"https:\/\/ancnews.info\/?p=5480"},"modified":"2015-05-06T09:38:20","modified_gmt":"2015-05-06T09:38:20","slug":"la-herida-sigue-abierta","status":"publish","type":"post","link":"https:\/\/ancnews.info\/?p=5480","title":{"rendered":"La herida sigue abierta"},"content":{"rendered":"<p style=\"text-align: justify;\">(PUBLICABLE) Jorge Dolmadjian, miembro del <a title=\"CNA Sudamerica\" href=\"http:\/\/www.cna.org.ar\" target=\"_blank\" rel=\"noopener\">Consejo Nacional Armenio<\/a>, dialog\u00f3 con Diario Publicable en el marco del centenario de la deportaci\u00f3n forzosa y exterminio de m\u00e1s de un mill\u00f3n y medio de civiles armenios por parte de j\u00f3venes turcos del Imperio Otomano. <!--more Continue reading \/ \u0531\u0574\u0562\u0578\u0572\u057b\u0568  \u2192--><\/p>\n<p style=\"text-align: justify;\">\u201cSentimos que nuestra lucha est\u00e1 incompleta. Para que el genocidio pueda encontrar un camino de reparaci\u00f3n, necesitamos justicia\u201d, declara Jorge Dolmadjian, miembro del Consejo Nacional Armenio, sobre el hecho del cual se cumplieron cien a\u00f1os el 24 de abril y que la comunidad local record\u00f3 con diversos actos que culminaron con el imponente <a title=\"Gran convocatoria por el Centenario del genocidio armenio \" href=\"http:\/\/www.lanoticia1.com\/noticia\/gran-convocatoria-por-el-centenario-del-genocidio-armenio-65440.html\" target=\"_blank\" rel=\"noopener\">cierre en el Luna Park<\/a> el martes pasado.<\/p>\n<p style=\"text-align: justify;\">Seg\u00fan afirma Kevork -tal es su nombre de pila en armenio-, el genocidio atraves\u00f3 su vida, su historia y su identidad. De hecho, en su discurso, traza constantemente un paralelo con las \u00faltimas dictaduras c\u00edvico-militares en la Argentina. Sin embargo, reconoce que el pa\u00eds es un ejemplo en la lucha por la preservaci\u00f3n de los Derechos Humanos y que siempre se encarg\u00f3 de \u201c<a title=\"El fin de la impunidad, en tiempo real\" href=\"http:\/\/www.diariopublicable.com\/politica\/3555-juicio-juntas-30.html\" target=\"_blank\" rel=\"noopener\">desarmar el engranaje de impunidad<\/a> que se teje en torno a los genocidios\u201d.<\/p>\n<p style=\"text-align: justify;\">Respecto de la actitud del estado turco, Dolmadjian opina que, para que se haga justicia, Turqu\u00eda tiene que responsabilizarse y aceptar un hecho que se ha ocultado durante mucho tiempo: \u201cHay que lograr que abandone esa pol\u00edtica negacionista que lleva adelante como pol\u00edtica de estado hace m\u00e1s de 100 a\u00f1os\u201d.<\/p>\n<p style=\"text-align: justify;\">No obstante, reconoce que un sector de la sociedad civil turca est\u00e1 empezando a plantear y cuestionar la historia oficial. \u201cSi esto se acepta dentro de la sociedad, posiblemente eso va a hacer que la pol\u00edtica de estado finalmente pueda modificarse\u201d, se ilusiona el referente de la comunidad armenia argentina.<\/p>\n<p style=\"text-align: justify;\"><strong>El ejemplo del Gobierno argentino<\/strong><\/p>\n<p style=\"text-align: justify;\">De acuerdo con la opini\u00f3n del referente de la comunidad armenia, el gobierno turco deber\u00eda actuar como lo hizo en 2004 <a title=\"Kirchner en la ESMA: &quot;En nombre del Estado, vengo a pedir perd\u00f3n&quot;\" href=\"http:\/\/edant.clarin.com\/diario\/2004\/03\/25\/p-00301.htm\" target=\"_blank\" rel=\"noopener\">el presidente N\u00e9stor Kirchner, cuando pidi\u00f3 perd\u00f3n<\/a> a las v\u00edctimas de la dictadura en nombre del Estado argentino. \u201cAunque los gobiernos actuales no sean los responsables de los cr\u00edmenes, tienen una responsabilidad por la continuidad del estado.\u201d<\/p>\n<p style=\"text-align: justify;\">\u201cLa aprobaci\u00f3n de la ley en Argentina fue un punto muy importante en esta lucha\u201d, dice Dolmadjian respecto de la <a title=\"Ley 26199\" href=\"http:\/\/www.mininterior.gov.ar\/tramitesyservicios\/pdf\/Ley26199.pdf\" target=\"_blank\" rel=\"noopener\">Ley 26.199<\/a>, vigente desde el 2007, por la que el Estado argentino reconoce el Genocidio Armenio y declara el 24 de abril como \u201cD\u00eda de Acci\u00f3n por la tolerancia y el Respeto entre los Pueblos\u201d.<\/p>\n<p style=\"text-align: justify;\">El pedido de la comunidad armenia que impuls\u00f3 la Ley hab\u00eda comenzado d\u00e9cadas atr\u00e1s y cobr\u00f3 fuerza a partir de la recuperaci\u00f3n de la democracia. Desde ese momento, se produjo una serie de hechos que ayudaron al reconocimiento, como el intento llevado adelante por la Subcomisi\u00f3n de Derechos Humanos de las Naciones Unidas y una iniciativa del ex el presidente Ra\u00fal Alfons\u00edn. Finalmente, en 1995, el Congreso aprob\u00f3 una ley, pero esta fue vetada por el entonces presidente Carlos Menem.<\/p>\n<p style=\"text-align: justify;\">El verdadero reconocimiento se hizo oficial durante el gobierno de N\u00e9stor Kirchner. \u201cAc\u00e1 se vio claramente el avance en materia de derechos humanos, de manera admirable en el pa\u00eds\u201d, concluye el miembro del Consejo Nacional Armenio.<\/p>\n<p style=\"text-align: justify;\">\n<p style=\"text-align: justify;\"><em>Foto: Dolmadjian reconoce a Argentina como un pa\u00eds pionero, tanto en materia de Derechos Humanos, como en el reconocimiento del Genocidio Armenio.<\/em><\/p>\n","protected":false},"excerpt":{"rendered":"<p>(PUBLICABLE) Jorge Dolmadjian, miembro del Consejo Nacional Armenio, dialog\u00f3 con Diario Publicable en el marco del centenario de la deportaci\u00f3n forzosa y exterminio de m\u00e1s de un mill\u00f3n y medio de civiles armenios por parte de j\u00f3venes turcos del Imperio Otomano.<\/p>\n","protected":false},"author":1,"featured_media":5481,"comment_status":"closed","ping_status":"closed","sticky":false,"template":"","format":"standard","meta":{"_jetpack_memberships_contains_paid_content":false,"footnotes":""},"categories":[172,117],"tags":[140],"class_list":["post-5480","post","type-post","status-publish","format-standard","has-post-thumbnail","hentry","category-in-the-news-","category-noticias","tag-cna-sudamerica"],"yoast_head":"<!-- This site is optimized with the Yoast SEO plugin v27.4 - https:\/\/yoast.com\/product\/yoast-seo-wordpress\/ -->\n<title>La herida sigue abierta - Armenian National Committee - International\u2014 \u0540\u0561\u0575 \u0534\u0561\u057f\u056b \u053f\u0565\u0576\u057f\u0580\u0578\u0576\u0561\u056f\u0561\u0576 \u053d\u0578\u0580\u0570\u0578\u0582\u0580\u0564<\/title>\n<meta name=\"robots\" content=\"index, follow, max-snippet:-1, max-image-preview:large, max-video-preview:-1\" \/>\n<link rel=\"canonical\" href=\"https:\/\/www.ancnews.info\/?p=5480\" \/>\n<meta property=\"og:locale\" content=\"en_US\" \/>\n<meta property=\"og:type\" content=\"article\" \/>\n<meta property=\"og:title\" content=\"La herida sigue abierta - Armenian National Committee - International\u2014 \u0540\u0561\u0575 \u0534\u0561\u057f\u056b \u053f\u0565\u0576\u057f\u0580\u0578\u0576\u0561\u056f\u0561\u0576 \u053d\u0578\u0580\u0570\u0578\u0582\u0580\u0564\" \/>\n<meta property=\"og:description\" content=\"(PUBLICABLE) Jorge Dolmadjian, miembro del Consejo Nacional Armenio, dialog\u00f3 con Diario Publicable en el marco del centenario de la deportaci\u00f3n forzosa y exterminio de m\u00e1s de un mill\u00f3n y medio de civiles armenios por parte de j\u00f3venes turcos del Imperio Otomano.\" \/>\n<meta property=\"og:url\" content=\"https:\/\/www.ancnews.info\/?p=5480\" \/>\n<meta property=\"og:site_name\" content=\"Armenian National Committee - International\u2014 \u0540\u0561\u0575 \u0534\u0561\u057f\u056b \u053f\u0565\u0576\u057f\u0580\u0578\u0576\u0561\u056f\u0561\u0576 \u053d\u0578\u0580\u0570\u0578\u0582\u0580\u0564\" \/>\n<meta property=\"article:publisher\" content=\"https:\/\/www.facebook.com\/ArmenianNationalCommitteeInternational\" \/>\n<meta property=\"article:published_time\" content=\"2015-05-06T09:38:20+00:00\" \/>\n<meta property=\"og:image\" content=\"https:\/\/www.ancnews.info\/wp-content\/uploads\/2015\/05\/CNA-Sudamerica-Jorge-Dolmadjian.png\" \/>\n\t<meta property=\"og:image:width\" content=\"585\" \/>\n\t<meta property=\"og:image:height\" content=\"325\" \/>\n\t<meta property=\"og:image:type\" content=\"image\/png\" \/>\n<meta name=\"author\" content=\"admin\" \/>\n<meta name=\"twitter:card\" content=\"summary_large_image\" \/>\n<meta name=\"twitter:creator\" content=\"@anc_intl\" \/>\n<meta name=\"twitter:site\" content=\"@anc_intl\" \/>\n<meta name=\"twitter:label1\" content=\"Written by\" \/>\n\t<meta name=\"twitter:data1\" content=\"admin\" \/>\n\t<meta name=\"twitter:label2\" content=\"Est. reading time\" \/>\n\t<meta name=\"twitter:data2\" content=\"3 minutes\" \/>\n<script type=\"application\/ld+json\" class=\"yoast-schema-graph\">{\"@context\":\"https:\\\/\\\/schema.org\",\"@graph\":[{\"@type\":\"Article\",\"@id\":\"https:\\\/\\\/www.ancnews.info\\\/?p=5480#article\",\"isPartOf\":{\"@id\":\"https:\\\/\\\/www.ancnews.info\\\/?p=5480\"},\"author\":{\"name\":\"admin\",\"@id\":\"https:\\\/\\\/www.ancnews.info\\\/#\\\/schema\\\/person\\\/00e5e75daa416d1fc86028f9c055a29b\"},\"headline\":\"La herida sigue abierta\",\"datePublished\":\"2015-05-06T09:38:20+00:00\",\"mainEntityOfPage\":{\"@id\":\"https:\\\/\\\/www.ancnews.info\\\/?p=5480\"},\"wordCount\":566,\"image\":{\"@id\":\"https:\\\/\\\/www.ancnews.info\\\/?p=5480#primaryimage\"},\"thumbnailUrl\":\"https:\\\/\\\/i0.wp.com\\\/ancnews.info\\\/wp-content\\\/uploads\\\/2015\\\/05\\\/CNA-Sudamerica-Jorge-Dolmadjian.png?fit=585%2C325&ssl=1\",\"keywords\":[\"CNA Sudam\u00e9rica\"],\"articleSection\":[\"In The Media \\\/ \u0536\u053c\u0544-\u0576\u0565\u0580\u0578\u0582 \u0574\u0567\u057b\",\"Noticias\"],\"inLanguage\":\"en-US\"},{\"@type\":\"WebPage\",\"@id\":\"https:\\\/\\\/www.ancnews.info\\\/?p=5480\",\"url\":\"https:\\\/\\\/www.ancnews.info\\\/?p=5480\",\"name\":\"La herida sigue abierta - Armenian National Committee - International\u2014 \u0540\u0561\u0575 \u0534\u0561\u057f\u056b \u053f\u0565\u0576\u057f\u0580\u0578\u0576\u0561\u056f\u0561\u0576 \u053d\u0578\u0580\u0570\u0578\u0582\u0580\u0564\",\"isPartOf\":{\"@id\":\"https:\\\/\\\/www.ancnews.info\\\/#website\"},\"primaryImageOfPage\":{\"@id\":\"https:\\\/\\\/www.ancnews.info\\\/?p=5480#primaryimage\"},\"image\":{\"@id\":\"https:\\\/\\\/www.ancnews.info\\\/?p=5480#primaryimage\"},\"thumbnailUrl\":\"https:\\\/\\\/i0.wp.com\\\/ancnews.info\\\/wp-content\\\/uploads\\\/2015\\\/05\\\/CNA-Sudamerica-Jorge-Dolmadjian.png?fit=585%2C325&ssl=1\",\"datePublished\":\"2015-05-06T09:38:20+00:00\",\"author\":{\"@id\":\"https:\\\/\\\/www.ancnews.info\\\/#\\\/schema\\\/person\\\/00e5e75daa416d1fc86028f9c055a29b\"},\"breadcrumb\":{\"@id\":\"https:\\\/\\\/www.ancnews.info\\\/?p=5480#breadcrumb\"},\"inLanguage\":\"en-US\",\"potentialAction\":[{\"@type\":\"ReadAction\",\"target\":[\"https:\\\/\\\/www.ancnews.info\\\/?p=5480\"]}]},{\"@type\":\"ImageObject\",\"inLanguage\":\"en-US\",\"@id\":\"https:\\\/\\\/www.ancnews.info\\\/?p=5480#primaryimage\",\"url\":\"https:\\\/\\\/i0.wp.com\\\/ancnews.info\\\/wp-content\\\/uploads\\\/2015\\\/05\\\/CNA-Sudamerica-Jorge-Dolmadjian.png?fit=585%2C325&ssl=1\",\"contentUrl\":\"https:\\\/\\\/i0.wp.com\\\/ancnews.info\\\/wp-content\\\/uploads\\\/2015\\\/05\\\/CNA-Sudamerica-Jorge-Dolmadjian.png?fit=585%2C325&ssl=1\",\"width\":585,\"height\":325,\"caption\":\"Dolmadjian reconoce a Argentina como un pa\u00eds pionero, tanto en materia de Derechos Humanos, como en el reconocimiento del Genocidio Armenio.\"},{\"@type\":\"BreadcrumbList\",\"@id\":\"https:\\\/\\\/www.ancnews.info\\\/?p=5480#breadcrumb\",\"itemListElement\":[{\"@type\":\"ListItem\",\"position\":1,\"name\":\"Home\",\"item\":\"https:\\\/\\\/www.ancnews.info\\\/\"},{\"@type\":\"ListItem\",\"position\":2,\"name\":\"La herida sigue abierta\"}]},{\"@type\":\"WebSite\",\"@id\":\"https:\\\/\\\/www.ancnews.info\\\/#website\",\"url\":\"https:\\\/\\\/www.ancnews.info\\\/\",\"name\":\"Armenian National Committee - International\u2014 \u0540\u0561\u0575 \u0534\u0561\u057f\u056b \u053f\u0565\u0576\u057f\u0580\u0578\u0576\u0561\u056f\u0561\u0576 \u053d\u0578\u0580\u0570\u0578\u0582\u0580\u0564\",\"description\":\"All the ANC News \\\/ \u0540\u0561\u0575 \u0534\u0561\u057f\u056b \u056f\u0561\u057c\u0578\u0575\u0581\u0576\u0565\u0580\u0578\u0582 \u0562\u0578\u056c\u0578\u0580 \u056c\u0578\u0582\u0580\u0565\u0580\u0568\",\"potentialAction\":[{\"@type\":\"SearchAction\",\"target\":{\"@type\":\"EntryPoint\",\"urlTemplate\":\"https:\\\/\\\/www.ancnews.info\\\/?s={search_term_string}\"},\"query-input\":{\"@type\":\"PropertyValueSpecification\",\"valueRequired\":true,\"valueName\":\"search_term_string\"}}],\"inLanguage\":\"en-US\"},{\"@type\":\"Person\",\"@id\":\"https:\\\/\\\/www.ancnews.info\\\/#\\\/schema\\\/person\\\/00e5e75daa416d1fc86028f9c055a29b\",\"name\":\"admin\",\"sameAs\":[\"http:\\\/\\\/hay.digipanda.ru\"],\"url\":\"https:\\\/\\\/ancnews.info\\\/?author=1\"}]}<\/script>\n<!-- \/ Yoast SEO plugin. -->","yoast_head_json":{"title":"La herida sigue abierta - Armenian National Committee - International\u2014 \u0540\u0561\u0575 \u0534\u0561\u057f\u056b \u053f\u0565\u0576\u057f\u0580\u0578\u0576\u0561\u056f\u0561\u0576 \u053d\u0578\u0580\u0570\u0578\u0582\u0580\u0564","robots":{"index":"index","follow":"follow","max-snippet":"max-snippet:-1","max-image-preview":"max-image-preview:large","max-video-preview":"max-video-preview:-1"},"canonical":"https:\/\/www.ancnews.info\/?p=5480","og_locale":"en_US","og_type":"article","og_title":"La herida sigue abierta - Armenian National Committee - International\u2014 \u0540\u0561\u0575 \u0534\u0561\u057f\u056b \u053f\u0565\u0576\u057f\u0580\u0578\u0576\u0561\u056f\u0561\u0576 \u053d\u0578\u0580\u0570\u0578\u0582\u0580\u0564","og_description":"(PUBLICABLE) Jorge Dolmadjian, miembro del Consejo Nacional Armenio, dialog\u00f3 con Diario Publicable en el marco del centenario de la deportaci\u00f3n forzosa y exterminio de m\u00e1s de un mill\u00f3n y medio de civiles armenios por parte de j\u00f3venes turcos del Imperio Otomano.","og_url":"https:\/\/www.ancnews.info\/?p=5480","og_site_name":"Armenian National Committee - International\u2014 \u0540\u0561\u0575 \u0534\u0561\u057f\u056b \u053f\u0565\u0576\u057f\u0580\u0578\u0576\u0561\u056f\u0561\u0576 \u053d\u0578\u0580\u0570\u0578\u0582\u0580\u0564","article_publisher":"https:\/\/www.facebook.com\/ArmenianNationalCommitteeInternational","article_published_time":"2015-05-06T09:38:20+00:00","og_image":[{"width":585,"height":325,"url":"https:\/\/www.ancnews.info\/wp-content\/uploads\/2015\/05\/CNA-Sudamerica-Jorge-Dolmadjian.png","type":"image\/png"}],"author":"admin","twitter_card":"summary_large_image","twitter_creator":"@anc_intl","twitter_site":"@anc_intl","twitter_misc":{"Written by":"admin","Est. reading time":"3 minutes"},"schema":{"@context":"https:\/\/schema.org","@graph":[{"@type":"Article","@id":"https:\/\/www.ancnews.info\/?p=5480#article","isPartOf":{"@id":"https:\/\/www.ancnews.info\/?p=5480"},"author":{"name":"admin","@id":"https:\/\/www.ancnews.info\/#\/schema\/person\/00e5e75daa416d1fc86028f9c055a29b"},"headline":"La herida sigue abierta","datePublished":"2015-05-06T09:38:20+00:00","mainEntityOfPage":{"@id":"https:\/\/www.ancnews.info\/?p=5480"},"wordCount":566,"image":{"@id":"https:\/\/www.ancnews.info\/?p=5480#primaryimage"},"thumbnailUrl":"https:\/\/i0.wp.com\/ancnews.info\/wp-content\/uploads\/2015\/05\/CNA-Sudamerica-Jorge-Dolmadjian.png?fit=585%2C325&ssl=1","keywords":["CNA Sudam\u00e9rica"],"articleSection":["In The Media \/ \u0536\u053c\u0544-\u0576\u0565\u0580\u0578\u0582 \u0574\u0567\u057b","Noticias"],"inLanguage":"en-US"},{"@type":"WebPage","@id":"https:\/\/www.ancnews.info\/?p=5480","url":"https:\/\/www.ancnews.info\/?p=5480","name":"La herida sigue abierta - Armenian National Committee - International\u2014 \u0540\u0561\u0575 \u0534\u0561\u057f\u056b \u053f\u0565\u0576\u057f\u0580\u0578\u0576\u0561\u056f\u0561\u0576 \u053d\u0578\u0580\u0570\u0578\u0582\u0580\u0564","isPartOf":{"@id":"https:\/\/www.ancnews.info\/#website"},"primaryImageOfPage":{"@id":"https:\/\/www.ancnews.info\/?p=5480#primaryimage"},"image":{"@id":"https:\/\/www.ancnews.info\/?p=5480#primaryimage"},"thumbnailUrl":"https:\/\/i0.wp.com\/ancnews.info\/wp-content\/uploads\/2015\/05\/CNA-Sudamerica-Jorge-Dolmadjian.png?fit=585%2C325&ssl=1","datePublished":"2015-05-06T09:38:20+00:00","author":{"@id":"https:\/\/www.ancnews.info\/#\/schema\/person\/00e5e75daa416d1fc86028f9c055a29b"},"breadcrumb":{"@id":"https:\/\/www.ancnews.info\/?p=5480#breadcrumb"},"inLanguage":"en-US","potentialAction":[{"@type":"ReadAction","target":["https:\/\/www.ancnews.info\/?p=5480"]}]},{"@type":"ImageObject","inLanguage":"en-US","@id":"https:\/\/www.ancnews.info\/?p=5480#primaryimage","url":"https:\/\/i0.wp.com\/ancnews.info\/wp-content\/uploads\/2015\/05\/CNA-Sudamerica-Jorge-Dolmadjian.png?fit=585%2C325&ssl=1","contentUrl":"https:\/\/i0.wp.com\/ancnews.info\/wp-content\/uploads\/2015\/05\/CNA-Sudamerica-Jorge-Dolmadjian.png?fit=585%2C325&ssl=1","width":585,"height":325,"caption":"Dolmadjian reconoce a Argentina como un pa\u00eds pionero, tanto en materia de Derechos Humanos, como en el reconocimiento del Genocidio Armenio."},{"@type":"BreadcrumbList","@id":"https:\/\/www.ancnews.info\/?p=5480#breadcrumb","itemListElement":[{"@type":"ListItem","position":1,"name":"Home","item":"https:\/\/www.ancnews.info\/"},{"@type":"ListItem","position":2,"name":"La herida sigue abierta"}]},{"@type":"WebSite","@id":"https:\/\/www.ancnews.info\/#website","url":"https:\/\/www.ancnews.info\/","name":"Armenian National Committee - International\u2014 \u0540\u0561\u0575 \u0534\u0561\u057f\u056b \u053f\u0565\u0576\u057f\u0580\u0578\u0576\u0561\u056f\u0561\u0576 \u053d\u0578\u0580\u0570\u0578\u0582\u0580\u0564","description":"All the ANC News \/ \u0540\u0561\u0575 \u0534\u0561\u057f\u056b \u056f\u0561\u057c\u0578\u0575\u0581\u0576\u0565\u0580\u0578\u0582 \u0562\u0578\u056c\u0578\u0580 \u056c\u0578\u0582\u0580\u0565\u0580\u0568","potentialAction":[{"@type":"SearchAction","target":{"@type":"EntryPoint","urlTemplate":"https:\/\/www.ancnews.info\/?s={search_term_string}"},"query-input":{"@type":"PropertyValueSpecification","valueRequired":true,"valueName":"search_term_string"}}],"inLanguage":"en-US"},{"@type":"Person","@id":"https:\/\/www.ancnews.info\/#\/schema\/person\/00e5e75daa416d1fc86028f9c055a29b","name":"admin","sameAs":["http:\/\/hay.digipanda.ru"],"url":"https:\/\/ancnews.info\/?author=1"}]}},"jetpack_featured_media_url":"https:\/\/i0.wp.com\/ancnews.info\/wp-content\/uploads\/2015\/05\/CNA-Sudamerica-Jorge-Dolmadjian.png?fit=585%2C325&ssl=1","jetpack_sharing_enabled":true,"_links":{"self":[{"href":"https:\/\/ancnews.info\/index.php?rest_route=\/wp\/v2\/posts\/5480","targetHints":{"allow":["GET"]}}],"collection":[{"href":"https:\/\/ancnews.info\/index.php?rest_route=\/wp\/v2\/posts"}],"about":[{"href":"https:\/\/ancnews.info\/index.php?rest_route=\/wp\/v2\/types\/post"}],"author":[{"embeddable":true,"href":"https:\/\/ancnews.info\/index.php?rest_route=\/wp\/v2\/users\/1"}],"replies":[{"embeddable":true,"href":"https:\/\/ancnews.info\/index.php?rest_route=%2Fwp%2Fv2%2Fcomments&post=5480"}],"version-history":[{"count":0,"href":"https:\/\/ancnews.info\/index.php?rest_route=\/wp\/v2\/posts\/5480\/revisions"}],"wp:featuredmedia":[{"embeddable":true,"href":"https:\/\/ancnews.info\/index.php?rest_route=\/wp\/v2\/media\/5481"}],"wp:attachment":[{"href":"https:\/\/ancnews.info\/index.php?rest_route=%2Fwp%2Fv2%2Fmedia&parent=5480"}],"wp:term":[{"taxonomy":"category","embeddable":true,"href":"https:\/\/ancnews.info\/index.php?rest_route=%2Fwp%2Fv2%2Fcategories&post=5480"},{"taxonomy":"post_tag","embeddable":true,"href":"https:\/\/ancnews.info\/index.php?rest_route=%2Fwp%2Fv2%2Ftags&post=5480"}],"curies":[{"name":"wp","href":"https:\/\/api.w.org\/{rel}","templated":true}]}}