{"id":20797,"date":"2022-12-20T06:16:23","date_gmt":"2022-12-20T06:16:23","guid":{"rendered":"https:\/\/ancnews.info\/?p=20797"},"modified":"2022-12-20T06:16:26","modified_gmt":"2022-12-20T06:16:26","slug":"demonstration-in-brussels","status":"publish","type":"post","link":"https:\/\/ancnews.info\/?p=20797","title":{"rendered":"Demonstration in Brussels"},"content":{"rendered":"\n<p>On 19 December 2022 in <img decoding=\"async\" width=\"16\" height=\"16\" src=\"https:\/\/static.xx.fbcdn.net\/images\/emoji.php\/v9\/t2d\/1.5\/16\/1f1e7_1f1ea.png\" alt=\"&#x1f1e7;&#x1f1ea;\"> Brussels, at the joint initiative of (<a href=\"https:\/\/www.facebook.com\/armeniensdebelgique?__cft__[0]=AZXXPetlZgj9LnITioasqSaxVBak0oXjiV6eHXDgBeVpTJxxOHACWJD5WbW6Kx_r0w9Oe7xNyxXDCfjTi_AmYGeKfuUFn8ZX30l7jvVY_BA5V48Wnc6vqwk6M6U4Vz6sWhy_DJKXj4sh0mevmp-fLM9TwKDG370ES7Q5TNevSA5kJBC1thEi2L5hilyv4kY4wxI&amp;__tn__=-]K-R\" target=\"_blank\" rel=\"noreferrer noopener sponsored nofollow\">C<\/a>omit\u00e9 des Arm\u00e9ni<a href=\"https:\/\/www.facebook.com\/armeniensdebelgique?__cft__[0]=AZXXPetlZgj9LnITioasqSaxVBak0oXjiV6eHXDgBeVpTJxxOHACWJD5WbW6Kx_r0w9Oe7xNyxXDCfjTi_AmYGeKfuUFn8ZX30l7jvVY_BA5V48Wnc6vqwk6M6U4Vz6sWhy_DJKXj4sh0mevmp-fLM9TwKDG370ES7Q5TNevSA5kJBC1thEi2L5hilyv4kY4wxI&amp;__tn__=-]K-R\" target=\"_blank\" rel=\"noreferrer noopener sponsored nofollow\">ens <\/a>de Belgique &#8211; Comit\u00e9 van Armeni\u00ebrs van Belgi\u00eb , EAFJD &#8211; European Armenian Federation for Justice and Democracy \/ CDCA Belgique &#8211; Comit\u00e9 de D\u00e9fense de la Cause Arm\u00e9nienne<a href=\"https:\/\/www.facebook.com\/HAYTAD.BELGIQUE?__cft__[0]=AZXXPetlZgj9LnITioasqSaxVBak0oXjiV6eHXDgBeVpTJxxOHACWJD5WbW6Kx_r0w9Oe7xNyxXDCfjTi_AmYGeKfuUFn8ZX30l7jvVY_BA5V48Wnc6vqwk6M6U4Vz6sWhy_DJKXj4sh0mevmp-fLM9TwKDG370ES7Q5TNevSA5kJBC1thEi2L5hilyv4kY4wxI&amp;__tn__=-]K-R\"> <\/a>&#8211; Hay Tad Belgium, and A.A.D.B: ASSOCIATION DES ARM\u00c9NIENS D\u00c9MOCRATES DE BELGIQUE an urgent demonstration took place, demanding to immediately stop <img decoding=\"async\" width=\"16\" height=\"16\" src=\"https:\/\/static.xx.fbcdn.net\/images\/emoji.php\/v9\/t90\/1.5\/16\/1f1e6_1f1ff.png\" alt=\"&#x1f1e6;&#x1f1ff;\">Azerbaijan&#8217;s policy of ethnic cleansing of the native <img decoding=\"async\" width=\"16\" height=\"16\" src=\"https:\/\/static.xx.fbcdn.net\/images\/emoji.php\/v9\/t5c\/1.5\/16\/1f1e6_1f1f2.png\" alt=\"&#x1f1e6;&#x1f1f2;\">Armenian population of Artsakh (Nagorno Karabakh).<\/p>\n\n\n\n<p>The demonstrators took a decision to present to the Charles MICHELEuropean External Action Service &#8211; EEAS executive leaders of the <img loading=\"lazy\" decoding=\"async\" width=\"16\" height=\"16\" src=\"https:\/\/static.xx.fbcdn.net\/images\/emoji.php\/v9\/t76\/1.5\/16\/1f1ea_1f1fa.png\" alt=\"&#x1f1ea;&#x1f1fa;\"> European Union the following demands:<\/p>\n\n\n\n<p><\/p>\n\n\n\n<figure class=\"wp-block-image size-large\"><img data-recalc-dims=\"1\" loading=\"lazy\" decoding=\"async\" width=\"640\" height=\"363\" src=\"https:\/\/i0.wp.com\/ancnews.info\/wp-content\/uploads\/2022\/12\/319678433_2669407533190122_7856277466516235437_n.jpg?resize=640%2C363&#038;ssl=1\" alt=\"\" class=\"wp-image-20800\" srcset=\"https:\/\/i0.wp.com\/ancnews.info\/wp-content\/uploads\/2022\/12\/319678433_2669407533190122_7856277466516235437_n.jpg?resize=1024%2C581&amp;ssl=1 1024w, https:\/\/i0.wp.com\/ancnews.info\/wp-content\/uploads\/2022\/12\/319678433_2669407533190122_7856277466516235437_n.jpg?resize=300%2C170&amp;ssl=1 300w, https:\/\/i0.wp.com\/ancnews.info\/wp-content\/uploads\/2022\/12\/319678433_2669407533190122_7856277466516235437_n.jpg?resize=768%2C436&amp;ssl=1 768w, https:\/\/i0.wp.com\/ancnews.info\/wp-content\/uploads\/2022\/12\/319678433_2669407533190122_7856277466516235437_n.jpg?w=1116&amp;ssl=1 1116w\" sizes=\"(max-width: 640px) 100vw, 640px\" \/><\/figure>\n\n\n\n<p><img loading=\"lazy\" decoding=\"async\" alt=\"&#x1f4cd;\" src=\"https:\/\/static.xx.fbcdn.net\/images\/emoji.php\/v9\/t86\/1.5\/16\/1f4cd.png\" width=\"16\" height=\"16\"> pressure Azerbaijan to open the Lachin corridor immediately and unconditionally, ensure that this situation does not happen again;<\/p>\n\n\n\n<p><img loading=\"lazy\" decoding=\"async\" alt=\"&#x1f4cd;\" src=\"https:\/\/static.xx.fbcdn.net\/images\/emoji.php\/v9\/t86\/1.5\/16\/1f4cd.png\" width=\"16\" height=\"16\"> take tangible steps to ensure the safety of the native Armenian population of Artsakh;<\/p>\n\n\n\n<p><img loading=\"lazy\" decoding=\"async\" alt=\"&#x1f4cd;\" src=\"https:\/\/static.xx.fbcdn.net\/images\/emoji.php\/v9\/t86\/1.5\/16\/1f4cd.png\" width=\"16\" height=\"16\"> introduce diplomatic and economic measures and individual sanctions against the property of the Azerbaijani authorities;<\/p>\n\n\n\n<p><img loading=\"lazy\" decoding=\"async\" alt=\"&#x1f4cd;\" src=\"https:\/\/static.xx.fbcdn.net\/images\/emoji.php\/v9\/t86\/1.5\/16\/1f4cd.png\" width=\"16\" height=\"16\"> recognise the Republic of Artsakh; to establish a humanitarian office in Artsakh;<\/p>\n\n\n\n<p><img loading=\"lazy\" decoding=\"async\" alt=\"&#x1f4cd;\" src=\"https:\/\/static.xx.fbcdn.net\/images\/emoji.php\/v9\/t86\/1.5\/16\/1f4cd.png\" width=\"16\" height=\"16\"> immediately extend the mandate of the European Union&#8217;s monitoring capacity mission.<\/p>\n\n\n\n<p>Several public figures, politicians joined the demonstration, including Senators, Members of the Flemish Parliament Karl Vanlouweuwe, Allessia Claes and honorary deputy and coordinator of the Belgian French-speaking friendship group with Artsakh Andr\u00e9 Du Bus.<\/p>\n\n\n\n<p><\/p>\n\n\n\n<figure class=\"wp-block-image size-large\"><img data-recalc-dims=\"1\" loading=\"lazy\" decoding=\"async\" width=\"640\" height=\"288\" src=\"https:\/\/i0.wp.com\/ancnews.info\/wp-content\/uploads\/2022\/12\/320657137_831087844670393_177715815310317050_n-1.jpg?resize=640%2C288&#038;ssl=1\" alt=\"\" class=\"wp-image-20801\" srcset=\"https:\/\/i0.wp.com\/ancnews.info\/wp-content\/uploads\/2022\/12\/320657137_831087844670393_177715815310317050_n-1.jpg?resize=1024%2C461&amp;ssl=1 1024w, https:\/\/i0.wp.com\/ancnews.info\/wp-content\/uploads\/2022\/12\/320657137_831087844670393_177715815310317050_n-1.jpg?resize=300%2C135&amp;ssl=1 300w, https:\/\/i0.wp.com\/ancnews.info\/wp-content\/uploads\/2022\/12\/320657137_831087844670393_177715815310317050_n-1.jpg?resize=768%2C346&amp;ssl=1 768w, https:\/\/i0.wp.com\/ancnews.info\/wp-content\/uploads\/2022\/12\/320657137_831087844670393_177715815310317050_n-1.jpg?w=1280&amp;ssl=1 1280w\" sizes=\"(max-width: 640px) 100vw, 640px\" \/><\/figure>\n\n\n\n<p>All of them condemned the Azerbaijani state-sponsored blockage of the only access route to Artsakh which since 12 December led to a total isolation of native Armenian population. All of them reiterated their commitment to fight for the fundamental rights of the native Armenian people of Artsakh.<\/p>\n","protected":false},"excerpt":{"rendered":"<p>On 19 December 2022 in Brussels, at the joint initiative of (Comit\u00e9 des Arm\u00e9niens de Belgique &#8211; Comit\u00e9 van Armeni\u00ebrs van Belgi\u00eb , EAFJD &#8211; European Armenian Federation for Justice and Democracy \/ CDCA Belgique &#8211; Comit\u00e9 de D\u00e9fense de la Cause Arm\u00e9nienne &#8211; Hay Tad Belgium, and A.A.D.B: ASSOCIATION DES ARM\u00c9NIENS D\u00c9MOCRATES DE BELGIQUE [&hellip;]<\/p>\n","protected":false},"author":1,"featured_media":20798,"comment_status":"closed","ping_status":"closed","sticky":false,"template":"","format":"standard","meta":{"_jetpack_memberships_contains_paid_content":false,"footnotes":""},"categories":[115],"tags":[133,143,405,480],"class_list":["post-20797","post","type-post","status-publish","format-standard","has-post-thumbnail","hentry","category-news","tag-anc-international","tag-european-armenian-federation-eafjd","tag-405","tag-480"],"yoast_head":"<!-- This site is optimized with the Yoast SEO plugin v27.4 - https:\/\/yoast.com\/product\/yoast-seo-wordpress\/ -->\n<title>Demonstration in Brussels - Armenian National Committee - International\u2014 \u0540\u0561\u0575 \u0534\u0561\u057f\u056b \u053f\u0565\u0576\u057f\u0580\u0578\u0576\u0561\u056f\u0561\u0576 \u053d\u0578\u0580\u0570\u0578\u0582\u0580\u0564<\/title>\n<meta name=\"robots\" content=\"index, follow, max-snippet:-1, max-image-preview:large, max-video-preview:-1\" \/>\n<link rel=\"canonical\" href=\"https:\/\/www.ancnews.info\/?p=20797\" \/>\n<meta property=\"og:locale\" content=\"en_US\" \/>\n<meta property=\"og:type\" content=\"article\" \/>\n<meta property=\"og:title\" content=\"Demonstration in Brussels - Armenian National Committee - International\u2014 \u0540\u0561\u0575 \u0534\u0561\u057f\u056b \u053f\u0565\u0576\u057f\u0580\u0578\u0576\u0561\u056f\u0561\u0576 \u053d\u0578\u0580\u0570\u0578\u0582\u0580\u0564\" \/>\n<meta property=\"og:description\" content=\"On 19 December 2022 in Brussels, at the joint initiative of (Comit\u00e9 des Arm\u00e9niens de Belgique &#8211; Comit\u00e9 van Armeni\u00ebrs van Belgi\u00eb , EAFJD &#8211; European Armenian Federation for Justice and Democracy \/ CDCA Belgique &#8211; Comit\u00e9 de D\u00e9fense de la Cause Arm\u00e9nienne &#8211; Hay Tad Belgium, and A.A.D.B: ASSOCIATION DES ARM\u00c9NIENS D\u00c9MOCRATES DE BELGIQUE [&hellip;]\" \/>\n<meta property=\"og:url\" content=\"https:\/\/www.ancnews.info\/?p=20797\" \/>\n<meta property=\"og:site_name\" content=\"Armenian National Committee - International\u2014 \u0540\u0561\u0575 \u0534\u0561\u057f\u056b \u053f\u0565\u0576\u057f\u0580\u0578\u0576\u0561\u056f\u0561\u0576 \u053d\u0578\u0580\u0570\u0578\u0582\u0580\u0564\" \/>\n<meta property=\"article:publisher\" content=\"https:\/\/www.facebook.com\/ArmenianNationalCommitteeInternational\" \/>\n<meta property=\"article:published_time\" content=\"2022-12-20T06:16:23+00:00\" \/>\n<meta property=\"article:modified_time\" content=\"2022-12-20T06:16:26+00:00\" \/>\n<meta property=\"og:image\" content=\"https:\/\/www.ancnews.info\/wp-content\/uploads\/2022\/12\/319770660_518977320009887_9118345910727702566_n.jpg\" \/>\n\t<meta property=\"og:image:width\" content=\"2048\" \/>\n\t<meta property=\"og:image:height\" content=\"1365\" \/>\n\t<meta property=\"og:image:type\" content=\"image\/jpeg\" \/>\n<meta name=\"author\" content=\"admin\" \/>\n<meta name=\"twitter:card\" content=\"summary_large_image\" \/>\n<meta name=\"twitter:creator\" content=\"@anc_intl\" \/>\n<meta name=\"twitter:site\" content=\"@anc_intl\" \/>\n<meta name=\"twitter:label1\" content=\"Written by\" \/>\n\t<meta name=\"twitter:data1\" content=\"admin\" \/>\n\t<meta name=\"twitter:label2\" content=\"Est. reading time\" \/>\n\t<meta name=\"twitter:data2\" content=\"4 minutes\" \/>\n<script type=\"application\/ld+json\" class=\"yoast-schema-graph\">{\"@context\":\"https:\\\/\\\/schema.org\",\"@graph\":[{\"@type\":\"Article\",\"@id\":\"https:\\\/\\\/www.ancnews.info\\\/?p=20797#article\",\"isPartOf\":{\"@id\":\"https:\\\/\\\/www.ancnews.info\\\/?p=20797\"},\"author\":{\"name\":\"admin\",\"@id\":\"https:\\\/\\\/www.ancnews.info\\\/#\\\/schema\\\/person\\\/00e5e75daa416d1fc86028f9c055a29b\"},\"headline\":\"Demonstration in Brussels\",\"datePublished\":\"2022-12-20T06:16:23+00:00\",\"dateModified\":\"2022-12-20T06:16:26+00:00\",\"mainEntityOfPage\":{\"@id\":\"https:\\\/\\\/www.ancnews.info\\\/?p=20797\"},\"wordCount\":263,\"image\":{\"@id\":\"https:\\\/\\\/www.ancnews.info\\\/?p=20797#primaryimage\"},\"thumbnailUrl\":\"https:\\\/\\\/i0.wp.com\\\/ancnews.info\\\/wp-content\\\/uploads\\\/2022\\\/12\\\/319770660_518977320009887_9118345910727702566_n.jpg?fit=2048%2C1365&ssl=1\",\"keywords\":[\"ANC International\",\"European-Armenian Federation (EAFJD)\",\"\u0540\u0561\u0575 \u0534\u0561\u057f - \u0535\u0582\u0580\u0578\u057a\u0561\",\"\u0540\u0561\u0575 \u0534\u0561\u057f\u056b \u053f\u0565\u0564\u0580\u0578\u0576\u0561\u056f\u0561\u0576 \u0533\u0580\u0561\u057d\u0565\u0576\u0565\u0561\u056f\"],\"articleSection\":[\"News\"],\"inLanguage\":\"en-US\"},{\"@type\":\"WebPage\",\"@id\":\"https:\\\/\\\/www.ancnews.info\\\/?p=20797\",\"url\":\"https:\\\/\\\/www.ancnews.info\\\/?p=20797\",\"name\":\"Demonstration in Brussels - Armenian National Committee - International\u2014 \u0540\u0561\u0575 \u0534\u0561\u057f\u056b \u053f\u0565\u0576\u057f\u0580\u0578\u0576\u0561\u056f\u0561\u0576 \u053d\u0578\u0580\u0570\u0578\u0582\u0580\u0564\",\"isPartOf\":{\"@id\":\"https:\\\/\\\/www.ancnews.info\\\/#website\"},\"primaryImageOfPage\":{\"@id\":\"https:\\\/\\\/www.ancnews.info\\\/?p=20797#primaryimage\"},\"image\":{\"@id\":\"https:\\\/\\\/www.ancnews.info\\\/?p=20797#primaryimage\"},\"thumbnailUrl\":\"https:\\\/\\\/i0.wp.com\\\/ancnews.info\\\/wp-content\\\/uploads\\\/2022\\\/12\\\/319770660_518977320009887_9118345910727702566_n.jpg?fit=2048%2C1365&ssl=1\",\"datePublished\":\"2022-12-20T06:16:23+00:00\",\"dateModified\":\"2022-12-20T06:16:26+00:00\",\"author\":{\"@id\":\"https:\\\/\\\/www.ancnews.info\\\/#\\\/schema\\\/person\\\/00e5e75daa416d1fc86028f9c055a29b\"},\"breadcrumb\":{\"@id\":\"https:\\\/\\\/www.ancnews.info\\\/?p=20797#breadcrumb\"},\"inLanguage\":\"en-US\",\"potentialAction\":[{\"@type\":\"ReadAction\",\"target\":[\"https:\\\/\\\/www.ancnews.info\\\/?p=20797\"]}]},{\"@type\":\"ImageObject\",\"inLanguage\":\"en-US\",\"@id\":\"https:\\\/\\\/www.ancnews.info\\\/?p=20797#primaryimage\",\"url\":\"https:\\\/\\\/i0.wp.com\\\/ancnews.info\\\/wp-content\\\/uploads\\\/2022\\\/12\\\/319770660_518977320009887_9118345910727702566_n.jpg?fit=2048%2C1365&ssl=1\",\"contentUrl\":\"https:\\\/\\\/i0.wp.com\\\/ancnews.info\\\/wp-content\\\/uploads\\\/2022\\\/12\\\/319770660_518977320009887_9118345910727702566_n.jpg?fit=2048%2C1365&ssl=1\",\"width\":2048,\"height\":1365,\"caption\":\"BRUSSELS, BELGIUM - DECEMBER 19: About 150 Armenians form the diaspora demonstrates in the 'Rue de la Loi' in the heart of the EU District on December 19, 2022 in Brussels, Belgium. Last Wednesday Armenia accused Azerbaijan of blocking a vital supply route to the disputed enclave of Nagorny Karabakh, denouncing a situation that could trigger a humanitarian crisis in this Caucasian territory. (Photo by Thierry Monasse\\\/Getty Images)\"},{\"@type\":\"BreadcrumbList\",\"@id\":\"https:\\\/\\\/www.ancnews.info\\\/?p=20797#breadcrumb\",\"itemListElement\":[{\"@type\":\"ListItem\",\"position\":1,\"name\":\"Home\",\"item\":\"https:\\\/\\\/www.ancnews.info\\\/\"},{\"@type\":\"ListItem\",\"position\":2,\"name\":\"Demonstration in Brussels\"}]},{\"@type\":\"WebSite\",\"@id\":\"https:\\\/\\\/www.ancnews.info\\\/#website\",\"url\":\"https:\\\/\\\/www.ancnews.info\\\/\",\"name\":\"Armenian National Committee - International\u2014 \u0540\u0561\u0575 \u0534\u0561\u057f\u056b \u053f\u0565\u0576\u057f\u0580\u0578\u0576\u0561\u056f\u0561\u0576 \u053d\u0578\u0580\u0570\u0578\u0582\u0580\u0564\",\"description\":\"All the ANC News \\\/ \u0540\u0561\u0575 \u0534\u0561\u057f\u056b \u056f\u0561\u057c\u0578\u0575\u0581\u0576\u0565\u0580\u0578\u0582 \u0562\u0578\u056c\u0578\u0580 \u056c\u0578\u0582\u0580\u0565\u0580\u0568\",\"potentialAction\":[{\"@type\":\"SearchAction\",\"target\":{\"@type\":\"EntryPoint\",\"urlTemplate\":\"https:\\\/\\\/www.ancnews.info\\\/?s={search_term_string}\"},\"query-input\":{\"@type\":\"PropertyValueSpecification\",\"valueRequired\":true,\"valueName\":\"search_term_string\"}}],\"inLanguage\":\"en-US\"},{\"@type\":\"Person\",\"@id\":\"https:\\\/\\\/www.ancnews.info\\\/#\\\/schema\\\/person\\\/00e5e75daa416d1fc86028f9c055a29b\",\"name\":\"admin\",\"sameAs\":[\"http:\\\/\\\/hay.digipanda.ru\"],\"url\":\"https:\\\/\\\/ancnews.info\\\/?author=1\"}]}<\/script>\n<!-- \/ Yoast SEO plugin. -->","yoast_head_json":{"title":"Demonstration in Brussels - Armenian National Committee - International\u2014 \u0540\u0561\u0575 \u0534\u0561\u057f\u056b \u053f\u0565\u0576\u057f\u0580\u0578\u0576\u0561\u056f\u0561\u0576 \u053d\u0578\u0580\u0570\u0578\u0582\u0580\u0564","robots":{"index":"index","follow":"follow","max-snippet":"max-snippet:-1","max-image-preview":"max-image-preview:large","max-video-preview":"max-video-preview:-1"},"canonical":"https:\/\/www.ancnews.info\/?p=20797","og_locale":"en_US","og_type":"article","og_title":"Demonstration in Brussels - Armenian National Committee - International\u2014 \u0540\u0561\u0575 \u0534\u0561\u057f\u056b \u053f\u0565\u0576\u057f\u0580\u0578\u0576\u0561\u056f\u0561\u0576 \u053d\u0578\u0580\u0570\u0578\u0582\u0580\u0564","og_description":"On 19 December 2022 in Brussels, at the joint initiative of (Comit\u00e9 des Arm\u00e9niens de Belgique &#8211; Comit\u00e9 van Armeni\u00ebrs van Belgi\u00eb , EAFJD &#8211; European Armenian Federation for Justice and Democracy \/ CDCA Belgique &#8211; Comit\u00e9 de D\u00e9fense de la Cause Arm\u00e9nienne &#8211; Hay Tad Belgium, and A.A.D.B: ASSOCIATION DES ARM\u00c9NIENS D\u00c9MOCRATES DE BELGIQUE [&hellip;]","og_url":"https:\/\/www.ancnews.info\/?p=20797","og_site_name":"Armenian National Committee - International\u2014 \u0540\u0561\u0575 \u0534\u0561\u057f\u056b \u053f\u0565\u0576\u057f\u0580\u0578\u0576\u0561\u056f\u0561\u0576 \u053d\u0578\u0580\u0570\u0578\u0582\u0580\u0564","article_publisher":"https:\/\/www.facebook.com\/ArmenianNationalCommitteeInternational","article_published_time":"2022-12-20T06:16:23+00:00","article_modified_time":"2022-12-20T06:16:26+00:00","og_image":[{"width":2048,"height":1365,"url":"https:\/\/www.ancnews.info\/wp-content\/uploads\/2022\/12\/319770660_518977320009887_9118345910727702566_n.jpg","type":"image\/jpeg"}],"author":"admin","twitter_card":"summary_large_image","twitter_creator":"@anc_intl","twitter_site":"@anc_intl","twitter_misc":{"Written by":"admin","Est. reading time":"4 minutes"},"schema":{"@context":"https:\/\/schema.org","@graph":[{"@type":"Article","@id":"https:\/\/www.ancnews.info\/?p=20797#article","isPartOf":{"@id":"https:\/\/www.ancnews.info\/?p=20797"},"author":{"name":"admin","@id":"https:\/\/www.ancnews.info\/#\/schema\/person\/00e5e75daa416d1fc86028f9c055a29b"},"headline":"Demonstration in Brussels","datePublished":"2022-12-20T06:16:23+00:00","dateModified":"2022-12-20T06:16:26+00:00","mainEntityOfPage":{"@id":"https:\/\/www.ancnews.info\/?p=20797"},"wordCount":263,"image":{"@id":"https:\/\/www.ancnews.info\/?p=20797#primaryimage"},"thumbnailUrl":"https:\/\/i0.wp.com\/ancnews.info\/wp-content\/uploads\/2022\/12\/319770660_518977320009887_9118345910727702566_n.jpg?fit=2048%2C1365&ssl=1","keywords":["ANC International","European-Armenian Federation (EAFJD)","\u0540\u0561\u0575 \u0534\u0561\u057f - \u0535\u0582\u0580\u0578\u057a\u0561","\u0540\u0561\u0575 \u0534\u0561\u057f\u056b \u053f\u0565\u0564\u0580\u0578\u0576\u0561\u056f\u0561\u0576 \u0533\u0580\u0561\u057d\u0565\u0576\u0565\u0561\u056f"],"articleSection":["News"],"inLanguage":"en-US"},{"@type":"WebPage","@id":"https:\/\/www.ancnews.info\/?p=20797","url":"https:\/\/www.ancnews.info\/?p=20797","name":"Demonstration in Brussels - Armenian National Committee - International\u2014 \u0540\u0561\u0575 \u0534\u0561\u057f\u056b \u053f\u0565\u0576\u057f\u0580\u0578\u0576\u0561\u056f\u0561\u0576 \u053d\u0578\u0580\u0570\u0578\u0582\u0580\u0564","isPartOf":{"@id":"https:\/\/www.ancnews.info\/#website"},"primaryImageOfPage":{"@id":"https:\/\/www.ancnews.info\/?p=20797#primaryimage"},"image":{"@id":"https:\/\/www.ancnews.info\/?p=20797#primaryimage"},"thumbnailUrl":"https:\/\/i0.wp.com\/ancnews.info\/wp-content\/uploads\/2022\/12\/319770660_518977320009887_9118345910727702566_n.jpg?fit=2048%2C1365&ssl=1","datePublished":"2022-12-20T06:16:23+00:00","dateModified":"2022-12-20T06:16:26+00:00","author":{"@id":"https:\/\/www.ancnews.info\/#\/schema\/person\/00e5e75daa416d1fc86028f9c055a29b"},"breadcrumb":{"@id":"https:\/\/www.ancnews.info\/?p=20797#breadcrumb"},"inLanguage":"en-US","potentialAction":[{"@type":"ReadAction","target":["https:\/\/www.ancnews.info\/?p=20797"]}]},{"@type":"ImageObject","inLanguage":"en-US","@id":"https:\/\/www.ancnews.info\/?p=20797#primaryimage","url":"https:\/\/i0.wp.com\/ancnews.info\/wp-content\/uploads\/2022\/12\/319770660_518977320009887_9118345910727702566_n.jpg?fit=2048%2C1365&ssl=1","contentUrl":"https:\/\/i0.wp.com\/ancnews.info\/wp-content\/uploads\/2022\/12\/319770660_518977320009887_9118345910727702566_n.jpg?fit=2048%2C1365&ssl=1","width":2048,"height":1365,"caption":"BRUSSELS, BELGIUM - DECEMBER 19: About 150 Armenians form the diaspora demonstrates in the 'Rue de la Loi' in the heart of the EU District on December 19, 2022 in Brussels, Belgium. Last Wednesday Armenia accused Azerbaijan of blocking a vital supply route to the disputed enclave of Nagorny Karabakh, denouncing a situation that could trigger a humanitarian crisis in this Caucasian territory. (Photo by Thierry Monasse\/Getty Images)"},{"@type":"BreadcrumbList","@id":"https:\/\/www.ancnews.info\/?p=20797#breadcrumb","itemListElement":[{"@type":"ListItem","position":1,"name":"Home","item":"https:\/\/www.ancnews.info\/"},{"@type":"ListItem","position":2,"name":"Demonstration in Brussels"}]},{"@type":"WebSite","@id":"https:\/\/www.ancnews.info\/#website","url":"https:\/\/www.ancnews.info\/","name":"Armenian National Committee - International\u2014 \u0540\u0561\u0575 \u0534\u0561\u057f\u056b \u053f\u0565\u0576\u057f\u0580\u0578\u0576\u0561\u056f\u0561\u0576 \u053d\u0578\u0580\u0570\u0578\u0582\u0580\u0564","description":"All the ANC News \/ \u0540\u0561\u0575 \u0534\u0561\u057f\u056b \u056f\u0561\u057c\u0578\u0575\u0581\u0576\u0565\u0580\u0578\u0582 \u0562\u0578\u056c\u0578\u0580 \u056c\u0578\u0582\u0580\u0565\u0580\u0568","potentialAction":[{"@type":"SearchAction","target":{"@type":"EntryPoint","urlTemplate":"https:\/\/www.ancnews.info\/?s={search_term_string}"},"query-input":{"@type":"PropertyValueSpecification","valueRequired":true,"valueName":"search_term_string"}}],"inLanguage":"en-US"},{"@type":"Person","@id":"https:\/\/www.ancnews.info\/#\/schema\/person\/00e5e75daa416d1fc86028f9c055a29b","name":"admin","sameAs":["http:\/\/hay.digipanda.ru"],"url":"https:\/\/ancnews.info\/?author=1"}]}},"jetpack_featured_media_url":"https:\/\/i0.wp.com\/ancnews.info\/wp-content\/uploads\/2022\/12\/319770660_518977320009887_9118345910727702566_n.jpg?fit=2048%2C1365&ssl=1","jetpack_sharing_enabled":true,"_links":{"self":[{"href":"https:\/\/ancnews.info\/index.php?rest_route=\/wp\/v2\/posts\/20797","targetHints":{"allow":["GET"]}}],"collection":[{"href":"https:\/\/ancnews.info\/index.php?rest_route=\/wp\/v2\/posts"}],"about":[{"href":"https:\/\/ancnews.info\/index.php?rest_route=\/wp\/v2\/types\/post"}],"author":[{"embeddable":true,"href":"https:\/\/ancnews.info\/index.php?rest_route=\/wp\/v2\/users\/1"}],"replies":[{"embeddable":true,"href":"https:\/\/ancnews.info\/index.php?rest_route=%2Fwp%2Fv2%2Fcomments&post=20797"}],"version-history":[{"count":1,"href":"https:\/\/ancnews.info\/index.php?rest_route=\/wp\/v2\/posts\/20797\/revisions"}],"predecessor-version":[{"id":20802,"href":"https:\/\/ancnews.info\/index.php?rest_route=\/wp\/v2\/posts\/20797\/revisions\/20802"}],"wp:featuredmedia":[{"embeddable":true,"href":"https:\/\/ancnews.info\/index.php?rest_route=\/wp\/v2\/media\/20798"}],"wp:attachment":[{"href":"https:\/\/ancnews.info\/index.php?rest_route=%2Fwp%2Fv2%2Fmedia&parent=20797"}],"wp:term":[{"taxonomy":"category","embeddable":true,"href":"https:\/\/ancnews.info\/index.php?rest_route=%2Fwp%2Fv2%2Fcategories&post=20797"},{"taxonomy":"post_tag","embeddable":true,"href":"https:\/\/ancnews.info\/index.php?rest_route=%2Fwp%2Fv2%2Ftags&post=20797"}],"curies":[{"name":"wp","href":"https:\/\/api.w.org\/{rel}","templated":true}]}}