{"id":13498,"date":"2017-10-04T13:20:53","date_gmt":"2017-10-04T13:20:53","guid":{"rendered":"https:\/\/ancnews.info\/?p=13498"},"modified":"2017-10-04T13:20:53","modified_gmt":"2017-10-04T13:20:53","slug":"cordoba-nueva-publicacion-sobre-el-genocidio-armenio","status":"publish","type":"post","link":"https:\/\/ancnews.info\/?p=13498","title":{"rendered":"C\u00f3rdoba, nueva publicaci\u00f3n sobre el Genocidio Armenio"},"content":{"rendered":"<p style=\"text-align: justify;\"><strong>\u201cCrimen de Cr\u00edmenes\u201d, del ex Juez Federal Miguel Julio Rodriguez Villafa\u00f1e<\/strong><\/p>\n<p style=\"text-align: justify;\">(DIARIO ARMENIA) El pasado 24 de septiembre y en el marco de la Feria del Libro de la ciudad de C\u00f3rdoba, se present\u00f3 la obra <!--more Continue reading \/ \u0531\u0574\u0562\u0578\u0572\u057b\u0568 \u2192--> \u201cCrimen de Cr\u00edmenes\u201d del ex juez federal Miguel Julio Rodr\u00edguez Villafa\u00f1e.<\/p>\n<p style=\"text-align: justify;\">En el acto que se desarroll\u00f3 en el Cabildo Hist\u00f3rico de la ciudad, y que cont\u00f3 con la presencia de m\u00e1s de doscientos asistentes, el autor fue acompa\u00f1ado en la presentaci\u00f3n, por el polit\u00f3logo N\u00e9stor Specchia, la Lic. Tamara Sternberg y el Dr. Martin Simonian, en representaci\u00f3n de la Comunidad Armenia de C\u00f3rdoba.<\/p>\n<p style=\"text-align: justify;\">En las casi trescientas p\u00e1ginas en autor, describe los genocidios de los pueblos herero y nama, en \u00c1frica, el exterminio de 1.500.000 de armenios, los cr\u00edmenes contra asirios, griegos, el Holdomor del pueblo ucraniano, el Holocausto Jud\u00edo, el exterminio del pueblo camboyano, del pueblo maya en Guatemala, del pueblo kurdo en Irak, el del pueblo hutus en Burundi, y tutsi en Ruanda, la del pueblo bosnio musulm\u00e1n, y la de la poblaci\u00f3n negra de Darfur, en Sud\u00e1n.<\/p>\n<p style=\"text-align: justify;\">En su vasta tarea de investigaci\u00f3n y en lo que respecta al cap\u00edtulo del Genocidio Armenio, el autor cita como fuentes a publicaciones sobre la Causa Armenia de autores tales como Sulim Granovsky, Samanta Power, Mariano Saravia, el Papa Francisco, Vahakn Dadrian, KhatchiK Derghougassian, Juan Gabriel Tokatlian, Henry Morgenthau, Johannes Lepsius y los trabajos del Equipo de Educaci\u00f3n del <a href=\"https:\/\/www.facebook.com\/consejonacionalarmenio\/\">Consejo Nacional Armenio<\/a>.<\/p>\n<p style=\"text-align: justify;\">Al momento de la presentaci\u00f3n del cap\u00edtulo armenio, el Dr. Martin Simonian, manifest\u00f3 que la trayectoria profesional, la capacidad intelectual y la coherencia demostrada en la tem\u00e1tica de los derechos humanos demostrada por el autor, lo hac\u00edan digno merecedor de este libro.<\/p>\n<figure id=\"attachment_13500\" aria-describedby=\"caption-attachment-13500\" style=\"width: 300px\" class=\"wp-caption alignright\"><img data-recalc-dims=\"1\" fetchpriority=\"high\" decoding=\"async\" class=\"wp-image-13500 size-medium\" src=\"https:\/\/i0.wp.com\/blog.armeniancause.net\/wp-content\/uploads\/2017\/10\/CNA-Sudamerica-Cordoba-Crime-of-Crimes-book-presentation-2-300x205.jpg?resize=300%2C205\" alt=\"\" width=\"300\" height=\"205\" srcset=\"https:\/\/i0.wp.com\/ancnews.info\/wp-content\/uploads\/2017\/10\/CNA-Sudamerica-Cordoba-Crime-of-Crimes-book-presentation-2.jpg?resize=300%2C205&amp;ssl=1 300w, https:\/\/i0.wp.com\/ancnews.info\/wp-content\/uploads\/2017\/10\/CNA-Sudamerica-Cordoba-Crime-of-Crimes-book-presentation-2.jpg?w=709&amp;ssl=1 709w\" sizes=\"(max-width: 300px) 100vw, 300px\" \/><figcaption id=\"caption-attachment-13500\" class=\"wp-caption-text\">C\u00f3rdoba, nueva publicaci\u00f3n sobre el Genocidio Armenio. \u201cCrimen de Cr\u00edmenes\u201d, del ex Juez Federal Miguel Julio Rodriguez Villafa\u00f1e<\/figcaption><\/figure>\n<p style=\"text-align: justify;\">A continuaci\u00f3n mencion\u00f3 que el Dr. Rodriguez Villafa\u00f1e, siendo juez federal en la Provincia de C\u00f3rdoba, y actuando de oficio, investig\u00f3, detuvo, y extradit\u00f3 a uno de los cinco criminales nazi m\u00e1s buscados del mundo y que viv\u00eda en la localidad cordobesa de Huerta Grande, el militar de las SS Josef Franz Leo Schwammberger y comandante del Gueto A de Przemysl, Polonia.<\/p>\n<p style=\"text-align: justify;\">Por su parte y lo que para el Dr. Simonian, enaltece la figura del Dr. Rodriguez Villafa\u00f1e, fue que a fines de 1989 y siendo juez federal, fue el \u00fanico magistrado que declar\u00f3 la inconstitucionalidad del indulto y que luego, ante la imposibilidad de juzgar a los autores de delitos de lesa humanidad, present\u00f3 su renuncia.<\/p>\n<p style=\"text-align: justify;\">Asimismo el enguer Simonian manifest\u00f3 como hecho a destacar y lo que marca el empe\u00f1o y esmero en la investigaci\u00f3n desarrollada por el autor, la reproducci\u00f3n del contenido de los telegramas que Talaat Pasha enviaba a los gobernadores para le ejecuci\u00f3n del plan genocida y que se resum\u00edan en tres palabras\u2026YAK , VUR , OLDUR\u2026 QUEMAR MATAR DEMOLER.<\/p>\n<p style=\"text-align: justify;\">Un dato para mencionar es que el libro no contiene ninguna fotograf\u00eda, sin embargo, la fuerza y contundencia de los testimonios de testigos presenciales hacen, las tornan innecesarias. Por ejemplo\u2026 los turcos pasaron a bayoneta a cientos de ni\u00f1os, y los arrojaron al \u00c9ufrates, hombres y mujeres fueron desnudados, amarrados juntos de a cientos, fusilados y luego, arrojados al rio. En un recodo del rio, cerca de Erzing\u00e1, miles de cad\u00e1veres crearon una barrera que el \u00c9ufrates cambio su curso cerca de 90 metros.<\/p>\n<p style=\"text-align: justify;\">Se mencionan tambi\u00e9n y se explican la ideolog\u00eda panturquista, el juicio de Tehlirian y su incidencia en la creaci\u00f3n del t\u00e9rmino genocidio por parte de Rafael Lemkin, la arenga de Hitler justific\u00e1ndola en el olvido y la impunidad del Genocidio Armenio, la canonizaci\u00f3n de los m\u00e1rtires por parte de la Iglesia Armenia y la solidaridad de la Republica Argentina, en donde los poderes ejecutivo, legislativo y judicial han reconocido la existencia del genocidio y la condena de sus autores.<\/p>\n<p style=\"text-align: justify;\">Prontamente el libro estar\u00e1 en las principales librer\u00edas de la ciudad de Buenos Aires.<\/p>\n<p style=\"text-align: right;\">Corresponsal<\/p>\n","protected":false},"excerpt":{"rendered":"<p>\u201cCrimen de Cr\u00edmenes\u201d, del ex Juez Federal Miguel Julio Rodriguez Villafa\u00f1e (DIARIO ARMENIA) El pasado 24 de septiembre y en el marco de la Feria del Libro de la ciudad de C\u00f3rdoba, se present\u00f3 la obra<\/p>\n","protected":false},"author":1,"featured_media":13499,"comment_status":"closed","ping_status":"closed","sticky":false,"template":"","format":"standard","meta":{"_jetpack_memberships_contains_paid_content":false,"footnotes":""},"categories":[172,117],"tags":[140],"class_list":["post-13498","post","type-post","status-publish","format-standard","has-post-thumbnail","hentry","category-in-the-news-","category-noticias","tag-cna-sudamerica"],"yoast_head":"<!-- This site is optimized with the Yoast SEO plugin v27.5 - https:\/\/yoast.com\/product\/yoast-seo-wordpress\/ -->\n<title>C\u00f3rdoba, nueva publicaci\u00f3n sobre el Genocidio Armenio - Armenian National Committee - International\u2014 \u0540\u0561\u0575 \u0534\u0561\u057f\u056b \u053f\u0565\u0576\u057f\u0580\u0578\u0576\u0561\u056f\u0561\u0576 \u053d\u0578\u0580\u0570\u0578\u0582\u0580\u0564<\/title>\n<meta name=\"robots\" content=\"index, follow, max-snippet:-1, max-image-preview:large, max-video-preview:-1\" \/>\n<link rel=\"canonical\" href=\"https:\/\/www.ancnews.info\/?p=13498\" \/>\n<meta property=\"og:locale\" content=\"en_US\" \/>\n<meta property=\"og:type\" content=\"article\" \/>\n<meta property=\"og:title\" content=\"C\u00f3rdoba, nueva publicaci\u00f3n sobre el Genocidio Armenio - Armenian National Committee - International\u2014 \u0540\u0561\u0575 \u0534\u0561\u057f\u056b \u053f\u0565\u0576\u057f\u0580\u0578\u0576\u0561\u056f\u0561\u0576 \u053d\u0578\u0580\u0570\u0578\u0582\u0580\u0564\" \/>\n<meta property=\"og:description\" content=\"\u201cCrimen de Cr\u00edmenes\u201d, del ex Juez Federal Miguel Julio Rodriguez Villafa\u00f1e (DIARIO ARMENIA) El pasado 24 de septiembre y en el marco de la Feria del Libro de la ciudad de C\u00f3rdoba, se present\u00f3 la obra\" \/>\n<meta property=\"og:url\" content=\"https:\/\/www.ancnews.info\/?p=13498\" \/>\n<meta property=\"og:site_name\" content=\"Armenian National Committee - International\u2014 \u0540\u0561\u0575 \u0534\u0561\u057f\u056b \u053f\u0565\u0576\u057f\u0580\u0578\u0576\u0561\u056f\u0561\u0576 \u053d\u0578\u0580\u0570\u0578\u0582\u0580\u0564\" \/>\n<meta property=\"article:publisher\" content=\"https:\/\/www.facebook.com\/ArmenianNationalCommitteeInternational\" \/>\n<meta property=\"article:published_time\" content=\"2017-10-04T13:20:53+00:00\" \/>\n<meta property=\"og:image\" content=\"https:\/\/www.ancnews.info\/wp-content\/uploads\/2017\/10\/CNA-Sudamerica-Cordoba-Crime-of-Crimes-book-presentation-1.jpg\" \/>\n\t<meta property=\"og:image:width\" content=\"680\" \/>\n\t<meta property=\"og:image:height\" content=\"510\" \/>\n\t<meta property=\"og:image:type\" content=\"image\/jpeg\" \/>\n<meta name=\"author\" content=\"admin\" \/>\n<meta name=\"twitter:card\" content=\"summary_large_image\" \/>\n<meta name=\"twitter:creator\" content=\"@anc_intl\" \/>\n<meta name=\"twitter:site\" content=\"@anc_intl\" \/>\n<meta name=\"twitter:label1\" content=\"Written by\" \/>\n\t<meta name=\"twitter:data1\" content=\"admin\" \/>\n\t<meta name=\"twitter:label2\" content=\"Est. reading time\" \/>\n\t<meta name=\"twitter:data2\" content=\"4 minutes\" \/>\n<script type=\"application\/ld+json\" class=\"yoast-schema-graph\">{\"@context\":\"https:\\\/\\\/schema.org\",\"@graph\":[{\"@type\":\"Article\",\"@id\":\"https:\\\/\\\/www.ancnews.info\\\/?p=13498#article\",\"isPartOf\":{\"@id\":\"https:\\\/\\\/www.ancnews.info\\\/?p=13498\"},\"author\":{\"name\":\"admin\",\"@id\":\"https:\\\/\\\/www.ancnews.info\\\/#\\\/schema\\\/person\\\/00e5e75daa416d1fc86028f9c055a29b\"},\"headline\":\"C\u00f3rdoba, nueva publicaci\u00f3n sobre el Genocidio Armenio\",\"datePublished\":\"2017-10-04T13:20:53+00:00\",\"mainEntityOfPage\":{\"@id\":\"https:\\\/\\\/www.ancnews.info\\\/?p=13498\"},\"wordCount\":717,\"image\":{\"@id\":\"https:\\\/\\\/www.ancnews.info\\\/?p=13498#primaryimage\"},\"thumbnailUrl\":\"https:\\\/\\\/i0.wp.com\\\/ancnews.info\\\/wp-content\\\/uploads\\\/2017\\\/10\\\/CNA-Sudamerica-Cordoba-Crime-of-Crimes-book-presentation-1.jpg?fit=680%2C510&ssl=1\",\"keywords\":[\"CNA Sudam\u00e9rica\"],\"articleSection\":[\"In The Media \\\/ \u0536\u053c\u0544-\u0576\u0565\u0580\u0578\u0582 \u0574\u0567\u057b\",\"Noticias\"],\"inLanguage\":\"en-US\"},{\"@type\":\"WebPage\",\"@id\":\"https:\\\/\\\/www.ancnews.info\\\/?p=13498\",\"url\":\"https:\\\/\\\/www.ancnews.info\\\/?p=13498\",\"name\":\"C\u00f3rdoba, nueva publicaci\u00f3n sobre el Genocidio Armenio - Armenian National Committee - International\u2014 \u0540\u0561\u0575 \u0534\u0561\u057f\u056b \u053f\u0565\u0576\u057f\u0580\u0578\u0576\u0561\u056f\u0561\u0576 \u053d\u0578\u0580\u0570\u0578\u0582\u0580\u0564\",\"isPartOf\":{\"@id\":\"https:\\\/\\\/www.ancnews.info\\\/#website\"},\"primaryImageOfPage\":{\"@id\":\"https:\\\/\\\/www.ancnews.info\\\/?p=13498#primaryimage\"},\"image\":{\"@id\":\"https:\\\/\\\/www.ancnews.info\\\/?p=13498#primaryimage\"},\"thumbnailUrl\":\"https:\\\/\\\/i0.wp.com\\\/ancnews.info\\\/wp-content\\\/uploads\\\/2017\\\/10\\\/CNA-Sudamerica-Cordoba-Crime-of-Crimes-book-presentation-1.jpg?fit=680%2C510&ssl=1\",\"datePublished\":\"2017-10-04T13:20:53+00:00\",\"author\":{\"@id\":\"https:\\\/\\\/www.ancnews.info\\\/#\\\/schema\\\/person\\\/00e5e75daa416d1fc86028f9c055a29b\"},\"breadcrumb\":{\"@id\":\"https:\\\/\\\/www.ancnews.info\\\/?p=13498#breadcrumb\"},\"inLanguage\":\"en-US\",\"potentialAction\":[{\"@type\":\"ReadAction\",\"target\":[\"https:\\\/\\\/www.ancnews.info\\\/?p=13498\"]}]},{\"@type\":\"ImageObject\",\"inLanguage\":\"en-US\",\"@id\":\"https:\\\/\\\/www.ancnews.info\\\/?p=13498#primaryimage\",\"url\":\"https:\\\/\\\/i0.wp.com\\\/ancnews.info\\\/wp-content\\\/uploads\\\/2017\\\/10\\\/CNA-Sudamerica-Cordoba-Crime-of-Crimes-book-presentation-1.jpg?fit=680%2C510&ssl=1\",\"contentUrl\":\"https:\\\/\\\/i0.wp.com\\\/ancnews.info\\\/wp-content\\\/uploads\\\/2017\\\/10\\\/CNA-Sudamerica-Cordoba-Crime-of-Crimes-book-presentation-1.jpg?fit=680%2C510&ssl=1\",\"width\":680,\"height\":510,\"caption\":\"C\u00f3rdoba, nueva publicaci\u00f3n sobre el Genocidio Armenio. \u201cCrimen de Cr\u00edmenes\u201d, del ex Juez Federal Miguel Julio Rodriguez Villafa\u00f1e\"},{\"@type\":\"BreadcrumbList\",\"@id\":\"https:\\\/\\\/www.ancnews.info\\\/?p=13498#breadcrumb\",\"itemListElement\":[{\"@type\":\"ListItem\",\"position\":1,\"name\":\"Home\",\"item\":\"https:\\\/\\\/www.ancnews.info\\\/\"},{\"@type\":\"ListItem\",\"position\":2,\"name\":\"C\u00f3rdoba, nueva publicaci\u00f3n sobre el Genocidio Armenio\"}]},{\"@type\":\"WebSite\",\"@id\":\"https:\\\/\\\/www.ancnews.info\\\/#website\",\"url\":\"https:\\\/\\\/www.ancnews.info\\\/\",\"name\":\"Armenian National Committee - International\u2014 \u0540\u0561\u0575 \u0534\u0561\u057f\u056b \u053f\u0565\u0576\u057f\u0580\u0578\u0576\u0561\u056f\u0561\u0576 \u053d\u0578\u0580\u0570\u0578\u0582\u0580\u0564\",\"description\":\"All the ANC News \\\/ \u0540\u0561\u0575 \u0534\u0561\u057f\u056b \u056f\u0561\u057c\u0578\u0575\u0581\u0576\u0565\u0580\u0578\u0582 \u0562\u0578\u056c\u0578\u0580 \u056c\u0578\u0582\u0580\u0565\u0580\u0568\",\"potentialAction\":[{\"@type\":\"SearchAction\",\"target\":{\"@type\":\"EntryPoint\",\"urlTemplate\":\"https:\\\/\\\/www.ancnews.info\\\/?s={search_term_string}\"},\"query-input\":{\"@type\":\"PropertyValueSpecification\",\"valueRequired\":true,\"valueName\":\"search_term_string\"}}],\"inLanguage\":\"en-US\"},{\"@type\":\"Person\",\"@id\":\"https:\\\/\\\/www.ancnews.info\\\/#\\\/schema\\\/person\\\/00e5e75daa416d1fc86028f9c055a29b\",\"name\":\"admin\",\"sameAs\":[\"http:\\\/\\\/hay.digipanda.ru\"],\"url\":\"https:\\\/\\\/ancnews.info\\\/?author=1\"}]}<\/script>\n<!-- \/ Yoast SEO plugin. -->","yoast_head_json":{"title":"C\u00f3rdoba, nueva publicaci\u00f3n sobre el Genocidio Armenio - Armenian National Committee - International\u2014 \u0540\u0561\u0575 \u0534\u0561\u057f\u056b \u053f\u0565\u0576\u057f\u0580\u0578\u0576\u0561\u056f\u0561\u0576 \u053d\u0578\u0580\u0570\u0578\u0582\u0580\u0564","robots":{"index":"index","follow":"follow","max-snippet":"max-snippet:-1","max-image-preview":"max-image-preview:large","max-video-preview":"max-video-preview:-1"},"canonical":"https:\/\/www.ancnews.info\/?p=13498","og_locale":"en_US","og_type":"article","og_title":"C\u00f3rdoba, nueva publicaci\u00f3n sobre el Genocidio Armenio - Armenian National Committee - International\u2014 \u0540\u0561\u0575 \u0534\u0561\u057f\u056b \u053f\u0565\u0576\u057f\u0580\u0578\u0576\u0561\u056f\u0561\u0576 \u053d\u0578\u0580\u0570\u0578\u0582\u0580\u0564","og_description":"\u201cCrimen de Cr\u00edmenes\u201d, del ex Juez Federal Miguel Julio Rodriguez Villafa\u00f1e (DIARIO ARMENIA) El pasado 24 de septiembre y en el marco de la Feria del Libro de la ciudad de C\u00f3rdoba, se present\u00f3 la obra","og_url":"https:\/\/www.ancnews.info\/?p=13498","og_site_name":"Armenian National Committee - International\u2014 \u0540\u0561\u0575 \u0534\u0561\u057f\u056b \u053f\u0565\u0576\u057f\u0580\u0578\u0576\u0561\u056f\u0561\u0576 \u053d\u0578\u0580\u0570\u0578\u0582\u0580\u0564","article_publisher":"https:\/\/www.facebook.com\/ArmenianNationalCommitteeInternational","article_published_time":"2017-10-04T13:20:53+00:00","og_image":[{"width":680,"height":510,"url":"https:\/\/www.ancnews.info\/wp-content\/uploads\/2017\/10\/CNA-Sudamerica-Cordoba-Crime-of-Crimes-book-presentation-1.jpg","type":"image\/jpeg"}],"author":"admin","twitter_card":"summary_large_image","twitter_creator":"@anc_intl","twitter_site":"@anc_intl","twitter_misc":{"Written by":"admin","Est. reading time":"4 minutes"},"schema":{"@context":"https:\/\/schema.org","@graph":[{"@type":"Article","@id":"https:\/\/www.ancnews.info\/?p=13498#article","isPartOf":{"@id":"https:\/\/www.ancnews.info\/?p=13498"},"author":{"name":"admin","@id":"https:\/\/www.ancnews.info\/#\/schema\/person\/00e5e75daa416d1fc86028f9c055a29b"},"headline":"C\u00f3rdoba, nueva publicaci\u00f3n sobre el Genocidio Armenio","datePublished":"2017-10-04T13:20:53+00:00","mainEntityOfPage":{"@id":"https:\/\/www.ancnews.info\/?p=13498"},"wordCount":717,"image":{"@id":"https:\/\/www.ancnews.info\/?p=13498#primaryimage"},"thumbnailUrl":"https:\/\/i0.wp.com\/ancnews.info\/wp-content\/uploads\/2017\/10\/CNA-Sudamerica-Cordoba-Crime-of-Crimes-book-presentation-1.jpg?fit=680%2C510&ssl=1","keywords":["CNA Sudam\u00e9rica"],"articleSection":["In The Media \/ \u0536\u053c\u0544-\u0576\u0565\u0580\u0578\u0582 \u0574\u0567\u057b","Noticias"],"inLanguage":"en-US"},{"@type":"WebPage","@id":"https:\/\/www.ancnews.info\/?p=13498","url":"https:\/\/www.ancnews.info\/?p=13498","name":"C\u00f3rdoba, nueva publicaci\u00f3n sobre el Genocidio Armenio - Armenian National Committee - International\u2014 \u0540\u0561\u0575 \u0534\u0561\u057f\u056b \u053f\u0565\u0576\u057f\u0580\u0578\u0576\u0561\u056f\u0561\u0576 \u053d\u0578\u0580\u0570\u0578\u0582\u0580\u0564","isPartOf":{"@id":"https:\/\/www.ancnews.info\/#website"},"primaryImageOfPage":{"@id":"https:\/\/www.ancnews.info\/?p=13498#primaryimage"},"image":{"@id":"https:\/\/www.ancnews.info\/?p=13498#primaryimage"},"thumbnailUrl":"https:\/\/i0.wp.com\/ancnews.info\/wp-content\/uploads\/2017\/10\/CNA-Sudamerica-Cordoba-Crime-of-Crimes-book-presentation-1.jpg?fit=680%2C510&ssl=1","datePublished":"2017-10-04T13:20:53+00:00","author":{"@id":"https:\/\/www.ancnews.info\/#\/schema\/person\/00e5e75daa416d1fc86028f9c055a29b"},"breadcrumb":{"@id":"https:\/\/www.ancnews.info\/?p=13498#breadcrumb"},"inLanguage":"en-US","potentialAction":[{"@type":"ReadAction","target":["https:\/\/www.ancnews.info\/?p=13498"]}]},{"@type":"ImageObject","inLanguage":"en-US","@id":"https:\/\/www.ancnews.info\/?p=13498#primaryimage","url":"https:\/\/i0.wp.com\/ancnews.info\/wp-content\/uploads\/2017\/10\/CNA-Sudamerica-Cordoba-Crime-of-Crimes-book-presentation-1.jpg?fit=680%2C510&ssl=1","contentUrl":"https:\/\/i0.wp.com\/ancnews.info\/wp-content\/uploads\/2017\/10\/CNA-Sudamerica-Cordoba-Crime-of-Crimes-book-presentation-1.jpg?fit=680%2C510&ssl=1","width":680,"height":510,"caption":"C\u00f3rdoba, nueva publicaci\u00f3n sobre el Genocidio Armenio. \u201cCrimen de Cr\u00edmenes\u201d, del ex Juez Federal Miguel Julio Rodriguez Villafa\u00f1e"},{"@type":"BreadcrumbList","@id":"https:\/\/www.ancnews.info\/?p=13498#breadcrumb","itemListElement":[{"@type":"ListItem","position":1,"name":"Home","item":"https:\/\/www.ancnews.info\/"},{"@type":"ListItem","position":2,"name":"C\u00f3rdoba, nueva publicaci\u00f3n sobre el Genocidio Armenio"}]},{"@type":"WebSite","@id":"https:\/\/www.ancnews.info\/#website","url":"https:\/\/www.ancnews.info\/","name":"Armenian National Committee - International\u2014 \u0540\u0561\u0575 \u0534\u0561\u057f\u056b \u053f\u0565\u0576\u057f\u0580\u0578\u0576\u0561\u056f\u0561\u0576 \u053d\u0578\u0580\u0570\u0578\u0582\u0580\u0564","description":"All the ANC News \/ \u0540\u0561\u0575 \u0534\u0561\u057f\u056b \u056f\u0561\u057c\u0578\u0575\u0581\u0576\u0565\u0580\u0578\u0582 \u0562\u0578\u056c\u0578\u0580 \u056c\u0578\u0582\u0580\u0565\u0580\u0568","potentialAction":[{"@type":"SearchAction","target":{"@type":"EntryPoint","urlTemplate":"https:\/\/www.ancnews.info\/?s={search_term_string}"},"query-input":{"@type":"PropertyValueSpecification","valueRequired":true,"valueName":"search_term_string"}}],"inLanguage":"en-US"},{"@type":"Person","@id":"https:\/\/www.ancnews.info\/#\/schema\/person\/00e5e75daa416d1fc86028f9c055a29b","name":"admin","sameAs":["http:\/\/hay.digipanda.ru"],"url":"https:\/\/ancnews.info\/?author=1"}]}},"jetpack_featured_media_url":"https:\/\/i0.wp.com\/ancnews.info\/wp-content\/uploads\/2017\/10\/CNA-Sudamerica-Cordoba-Crime-of-Crimes-book-presentation-1.jpg?fit=680%2C510&ssl=1","jetpack_sharing_enabled":true,"_links":{"self":[{"href":"https:\/\/ancnews.info\/index.php?rest_route=\/wp\/v2\/posts\/13498","targetHints":{"allow":["GET"]}}],"collection":[{"href":"https:\/\/ancnews.info\/index.php?rest_route=\/wp\/v2\/posts"}],"about":[{"href":"https:\/\/ancnews.info\/index.php?rest_route=\/wp\/v2\/types\/post"}],"author":[{"embeddable":true,"href":"https:\/\/ancnews.info\/index.php?rest_route=\/wp\/v2\/users\/1"}],"replies":[{"embeddable":true,"href":"https:\/\/ancnews.info\/index.php?rest_route=%2Fwp%2Fv2%2Fcomments&post=13498"}],"version-history":[{"count":0,"href":"https:\/\/ancnews.info\/index.php?rest_route=\/wp\/v2\/posts\/13498\/revisions"}],"wp:featuredmedia":[{"embeddable":true,"href":"https:\/\/ancnews.info\/index.php?rest_route=\/wp\/v2\/media\/13499"}],"wp:attachment":[{"href":"https:\/\/ancnews.info\/index.php?rest_route=%2Fwp%2Fv2%2Fmedia&parent=13498"}],"wp:term":[{"taxonomy":"category","embeddable":true,"href":"https:\/\/ancnews.info\/index.php?rest_route=%2Fwp%2Fv2%2Fcategories&post=13498"},{"taxonomy":"post_tag","embeddable":true,"href":"https:\/\/ancnews.info\/index.php?rest_route=%2Fwp%2Fv2%2Ftags&post=13498"}],"curies":[{"name":"wp","href":"https:\/\/api.w.org\/{rel}","templated":true}]}}