{"id":11777,"date":"2017-04-20T13:09:36","date_gmt":"2017-04-20T13:09:36","guid":{"rendered":"https:\/\/ancnews.info\/?p=11777"},"modified":"2017-04-20T13:09:36","modified_gmt":"2017-04-20T13:09:36","slug":"calendario-de-atividades-102o-aniversario-do-genocidio-armenio","status":"publish","type":"post","link":"https:\/\/ancnews.info\/?p=11777","title":{"rendered":"Calend\u00e1rio de atividades \u2013 102\u00ba anivers\u00e1rio do Genoc\u00eddio Arm\u00eanio"},"content":{"rendered":"<p style=\"text-align: justify;\">(Portal Esta\u00e7\u00e3o Arm\u00eania) Abril, m\u00eas de lutas para os arm\u00eanios no mundo todo, j\u00e1 tem sua agenda de atividades dos 102 anos do <a href=\"http:\/\/www.genocidioarmenio.com.br\/\">Genoc\u00eddio Arm\u00eanio<\/a>.<\/p>\n<p style=\"text-align: justify;\">Em evento que deu in\u00edcio ao m\u00eas de lutas em S\u00e3o Paulo, chamando a aten\u00e7\u00e3o dos paulistanos para a Causa Arm\u00eania, um in\u00e9dito flash <!--more Continue reading \/ \u0531\u0574\u0562\u0578\u0572\u057b\u0568 \u2192--> mob foi organizado pela Juventude Arm\u00eania do Brasil na Avenida Paulista (SP), realizado no dia 9 de abril (<a href=\"http:\/\/estacaoarmenia.com.br\/48389\/flash-mob-armenio-conscientiza-paulista-sobre-o-genocidio\/\">relembre aqui<\/a>).<\/p>\n<p style=\"text-align: justify;\">Agora, seguem as informa\u00e7\u00f5es sobre demais atividades programadas para a rememora\u00e7\u00e3o dos 102 anos do genoc\u00eddio.<\/p>\n<p style=\"text-align: justify;\"><span style=\"text-decoration: underline;\"><strong>Domingo \u2013 23 de abril:<\/strong><\/span><\/p>\n<p style=\"text-align: justify;\">\u2013 As tr\u00eas igrejas arm\u00eanias localizadas pr\u00f3ximas \u00e0 Esta\u00e7\u00e3o Arm\u00eania do Metr\u00f4 (regi\u00e3o central de SP), Apost\u00f3lica Arm\u00eania, Central Evang\u00e9lica Arm\u00eania e a Cat\u00f3lica S\u00e3o Greg\u00f3rio \u2013 realizam Divina Liturgia, Culto e Santa Missa, respectivamente, em mem\u00f3ria dos 1,5 milh\u00e3o de m\u00e1rtires do plano de exterm\u00ednio dos turcos em 1915.<\/p>\n<p style=\"text-align: justify;\">\u2013 Ap\u00f3s o encerramento das cerim\u00f4nias religiosas (12h30), todos os fi\u00e9is e presentes se encontram para a habitual Prociss\u00e3o Ao Monumento em Homenagem aos M\u00e1rtires Arm\u00eanios, na Pra\u00e7a Arm\u00eania, onde ser\u00e1 realizado ato com dep\u00f3sito de coroas de flores, ora\u00e7\u00e3o especial e participa\u00e7\u00e3o da coletividade arm\u00eania local.<\/p>\n<p style=\"text-align: justify;\"><span style=\"text-decoration: underline;\"><strong>Segunda-feira \u2013 24 de abril:<\/strong><\/span><\/p>\n<p style=\"text-align: justify;\">\u2013 Celebra\u00e7\u00e3o da Divina Liturgia, mais uma vez na Catedral Apost\u00f3lica Arm\u00eania S\u00e3o Jorge, \u00e0s 10h30min.<\/p>\n<p style=\"text-align: justify;\">\u2013 Ato Solene no Audit\u00f3rio Franco Montoro da Assembleia Legislativa do Estado de S\u00e3o Paulo, para homenagear os M\u00e1rtires Arm\u00eanios do Genoc\u00eddio, dia 24 de abril, \u00e0s 19h30.<\/p>\n<p style=\"text-align: justify;\"><span style=\"text-decoration: underline;\"><strong>Quarta-feira \u2013 26 de abril:<\/strong><\/span><\/p>\n<p style=\"text-align: justify;\">\u2013 A Juventude Arm\u00eania do Brasil realiza a j\u00e1 tradicional Manifesta\u00e7\u00e3o Pac\u00edfica <a href=\"https:\/\/www.facebook.com\/events\/1293748440715453\/\">(Marcha Pela Justi\u00e7a)<\/a> em frente ao consulado da Turquia em S\u00e3o Paulo, com apoio do Esta\u00e7\u00e3o Arm\u00eania, do Ho.Hi.Ta (FRA), do Hamazkayin, do SAMA, do <a href=\"https:\/\/www.facebook.com\/HayTadBrasil\/\">CNA \u2013 Brasil<\/a> e da HOM (saiba mais).<\/p>\n<p style=\"text-align: justify;\"><iframe src=\"https:\/\/www.youtube.com\/embed\/9lcsTxgp9Uw?ecver=1\" width=\"720\" height=\"315\" frameborder=\"0\" allowfullscreen=\"allowfullscreen\"><\/iframe><\/p>\n<p style=\"text-align: justify;\"><span style=\"text-decoration: underline;\"><strong>Domingo \u2013 30 de abril:<\/strong><\/span><\/p>\n<p style=\"text-align: justify;\">\u2013 A Igreja Evang\u00e9lica Irm\u00e3os Arm\u00eanios realiza um culto especial em rememora\u00e7\u00e3o aos 102 anos do Genoc\u00eddio Arm\u00eanio, \u00e0s 18h00.<\/p>\n<p style=\"text-align: justify;\"><span style=\"text-decoration: underline;\"><strong>M\u00eas de Maio<\/strong><\/span><\/p>\n<p style=\"text-align: justify;\">No dia 13 de maio, o Clube Arm\u00eanio e o CNA \u2013 Brasil realizam o Semin\u00e1rio \u201cA quest\u00e3o Arm\u00eania no s\u00e9culo XXI\u201d, com participa\u00e7\u00e3o de professores, juristas e pesquisadores.<br \/>\nEntrada franca e aberta ao p\u00fablico interessado.<\/p>\n<p style=\"text-align: justify;\"><strong>Endere\u00e7os:<\/strong><\/p>\n<p style=\"text-align: justify;\"><strong>Clube Arm\u00eanio \u2013 SAMA<\/strong><br \/>\nAvenida Professor Ascendino Reis, 1450 \u2013 Vila Clementino \u2013 SP.<\/p>\n<p style=\"text-align: justify;\"><strong>Catedral Apost\u00f3lica Arm\u00eania do Brasil (S. Jorge)<\/strong><br \/>\nAvenida Santos Dumont, 55 \u2013 Bom Retiro (S\u00e3o Paulo)<\/p>\n<p style=\"text-align: justify;\"><strong>Par\u00f3quia Cat\u00f3lica Arm\u00eania (S. Greg\u00f3rio)<\/strong><br \/>\nAvenida Tiradentes, 718 \u2013 Bom Retiro (S\u00e3o Paulo)<\/p>\n<p style=\"text-align: justify;\"><strong>Igreja Central Evang\u00e9lica Arm\u00eania<\/strong><br \/>\nAvenida do Estado, 1.191 \u2013 Bom Retiro (S\u00e3o Paulo)<\/p>\n<p style=\"text-align: justify;\"><strong>Igreja Evang\u00e9lica Irm\u00e3os Arm\u00eanios<\/strong><br \/>\nRua Maria Curupaiti, 117 \u2013 Santana (S\u00e3o Paulo)<\/p>\n<p style=\"text-align: justify;\"><strong>Assembleia Legislativa do Estado de S\u00e3o Paulo<\/strong><br \/>\nAv. Pedro \u00c1lvares Cabral, 201 \u2013 Parque Ibirapuera (S\u00e3o Paulo)<\/p>\n","protected":false},"excerpt":{"rendered":"<p>(Portal Esta\u00e7\u00e3o Arm\u00eania) Abril, m\u00eas de lutas para os arm\u00eanios no mundo todo, j\u00e1 tem sua agenda de atividades dos 102 anos do Genoc\u00eddio Arm\u00eanio. Em evento que deu in\u00edcio ao m\u00eas de lutas em S\u00e3o Paulo, chamando a aten\u00e7\u00e3o dos paulistanos para a Causa Arm\u00eania, um in\u00e9dito flash<\/p>\n","protected":false},"author":1,"featured_media":11778,"comment_status":"closed","ping_status":"closed","sticky":false,"template":"","format":"standard","meta":{"_jetpack_memberships_contains_paid_content":false,"footnotes":""},"categories":[118],"tags":[139],"class_list":["post-11777","post","type-post","status-publish","format-standard","has-post-thumbnail","hentry","category-noticias-2","tag-cna-brasil"],"yoast_head":"<!-- This site is optimized with the Yoast SEO plugin v27.4 - https:\/\/yoast.com\/product\/yoast-seo-wordpress\/ -->\n<title>Calend\u00e1rio de atividades \u2013 102\u00ba anivers\u00e1rio do Genoc\u00eddio Arm\u00eanio - Armenian National Committee - International\u2014 \u0540\u0561\u0575 \u0534\u0561\u057f\u056b \u053f\u0565\u0576\u057f\u0580\u0578\u0576\u0561\u056f\u0561\u0576 \u053d\u0578\u0580\u0570\u0578\u0582\u0580\u0564<\/title>\n<meta name=\"robots\" content=\"index, follow, max-snippet:-1, max-image-preview:large, max-video-preview:-1\" \/>\n<link rel=\"canonical\" href=\"https:\/\/www.ancnews.info\/?p=11777\" \/>\n<meta property=\"og:locale\" content=\"en_US\" \/>\n<meta property=\"og:type\" content=\"article\" \/>\n<meta property=\"og:title\" content=\"Calend\u00e1rio de atividades \u2013 102\u00ba anivers\u00e1rio do Genoc\u00eddio Arm\u00eanio - Armenian National Committee - International\u2014 \u0540\u0561\u0575 \u0534\u0561\u057f\u056b \u053f\u0565\u0576\u057f\u0580\u0578\u0576\u0561\u056f\u0561\u0576 \u053d\u0578\u0580\u0570\u0578\u0582\u0580\u0564\" \/>\n<meta property=\"og:description\" content=\"(Portal Esta\u00e7\u00e3o Arm\u00eania) Abril, m\u00eas de lutas para os arm\u00eanios no mundo todo, j\u00e1 tem sua agenda de atividades dos 102 anos do Genoc\u00eddio Arm\u00eanio. Em evento que deu in\u00edcio ao m\u00eas de lutas em S\u00e3o Paulo, chamando a aten\u00e7\u00e3o dos paulistanos para a Causa Arm\u00eania, um in\u00e9dito flash\" \/>\n<meta property=\"og:url\" content=\"https:\/\/www.ancnews.info\/?p=11777\" \/>\n<meta property=\"og:site_name\" content=\"Armenian National Committee - International\u2014 \u0540\u0561\u0575 \u0534\u0561\u057f\u056b \u053f\u0565\u0576\u057f\u0580\u0578\u0576\u0561\u056f\u0561\u0576 \u053d\u0578\u0580\u0570\u0578\u0582\u0580\u0564\" \/>\n<meta property=\"article:publisher\" content=\"https:\/\/www.facebook.com\/ArmenianNationalCommitteeInternational\" \/>\n<meta property=\"article:published_time\" content=\"2017-04-20T13:09:36+00:00\" \/>\n<meta property=\"og:image\" content=\"https:\/\/www.ancnews.info\/wp-content\/uploads\/2017\/04\/CNA-Brasil-Genocide-102-image.jpg\" \/>\n\t<meta property=\"og:image:width\" content=\"1916\" \/>\n\t<meta property=\"og:image:height\" content=\"902\" \/>\n\t<meta property=\"og:image:type\" content=\"image\/jpeg\" \/>\n<meta name=\"author\" content=\"admin\" \/>\n<meta name=\"twitter:card\" content=\"summary_large_image\" \/>\n<meta name=\"twitter:creator\" content=\"@anc_intl\" \/>\n<meta name=\"twitter:site\" content=\"@anc_intl\" \/>\n<meta name=\"twitter:label1\" content=\"Written by\" \/>\n\t<meta name=\"twitter:data1\" content=\"admin\" \/>\n\t<meta name=\"twitter:label2\" content=\"Est. reading time\" \/>\n\t<meta name=\"twitter:data2\" content=\"2 minutes\" \/>\n<script type=\"application\/ld+json\" class=\"yoast-schema-graph\">{\"@context\":\"https:\\\/\\\/schema.org\",\"@graph\":[{\"@type\":\"Article\",\"@id\":\"https:\\\/\\\/www.ancnews.info\\\/?p=11777#article\",\"isPartOf\":{\"@id\":\"https:\\\/\\\/www.ancnews.info\\\/?p=11777\"},\"author\":{\"name\":\"admin\",\"@id\":\"https:\\\/\\\/www.ancnews.info\\\/#\\\/schema\\\/person\\\/00e5e75daa416d1fc86028f9c055a29b\"},\"headline\":\"Calend\u00e1rio de atividades \u2013 102\u00ba anivers\u00e1rio do Genoc\u00eddio Arm\u00eanio\",\"datePublished\":\"2017-04-20T13:09:36+00:00\",\"mainEntityOfPage\":{\"@id\":\"https:\\\/\\\/www.ancnews.info\\\/?p=11777\"},\"wordCount\":504,\"image\":{\"@id\":\"https:\\\/\\\/www.ancnews.info\\\/?p=11777#primaryimage\"},\"thumbnailUrl\":\"https:\\\/\\\/i0.wp.com\\\/ancnews.info\\\/wp-content\\\/uploads\\\/2017\\\/04\\\/CNA-Brasil-Genocide-102-image.jpg?fit=1916%2C902&ssl=1\",\"keywords\":[\"CNA Brasil\"],\"articleSection\":[\"NOT\u00cdCIAS\"],\"inLanguage\":\"en-US\"},{\"@type\":\"WebPage\",\"@id\":\"https:\\\/\\\/www.ancnews.info\\\/?p=11777\",\"url\":\"https:\\\/\\\/www.ancnews.info\\\/?p=11777\",\"name\":\"Calend\u00e1rio de atividades \u2013 102\u00ba anivers\u00e1rio do Genoc\u00eddio Arm\u00eanio - Armenian National Committee - International\u2014 \u0540\u0561\u0575 \u0534\u0561\u057f\u056b \u053f\u0565\u0576\u057f\u0580\u0578\u0576\u0561\u056f\u0561\u0576 \u053d\u0578\u0580\u0570\u0578\u0582\u0580\u0564\",\"isPartOf\":{\"@id\":\"https:\\\/\\\/www.ancnews.info\\\/#website\"},\"primaryImageOfPage\":{\"@id\":\"https:\\\/\\\/www.ancnews.info\\\/?p=11777#primaryimage\"},\"image\":{\"@id\":\"https:\\\/\\\/www.ancnews.info\\\/?p=11777#primaryimage\"},\"thumbnailUrl\":\"https:\\\/\\\/i0.wp.com\\\/ancnews.info\\\/wp-content\\\/uploads\\\/2017\\\/04\\\/CNA-Brasil-Genocide-102-image.jpg?fit=1916%2C902&ssl=1\",\"datePublished\":\"2017-04-20T13:09:36+00:00\",\"author\":{\"@id\":\"https:\\\/\\\/www.ancnews.info\\\/#\\\/schema\\\/person\\\/00e5e75daa416d1fc86028f9c055a29b\"},\"breadcrumb\":{\"@id\":\"https:\\\/\\\/www.ancnews.info\\\/?p=11777#breadcrumb\"},\"inLanguage\":\"en-US\",\"potentialAction\":[{\"@type\":\"ReadAction\",\"target\":[\"https:\\\/\\\/www.ancnews.info\\\/?p=11777\"]}]},{\"@type\":\"ImageObject\",\"inLanguage\":\"en-US\",\"@id\":\"https:\\\/\\\/www.ancnews.info\\\/?p=11777#primaryimage\",\"url\":\"https:\\\/\\\/i0.wp.com\\\/ancnews.info\\\/wp-content\\\/uploads\\\/2017\\\/04\\\/CNA-Brasil-Genocide-102-image.jpg?fit=1916%2C902&ssl=1\",\"contentUrl\":\"https:\\\/\\\/i0.wp.com\\\/ancnews.info\\\/wp-content\\\/uploads\\\/2017\\\/04\\\/CNA-Brasil-Genocide-102-image.jpg?fit=1916%2C902&ssl=1\",\"width\":1916,\"height\":902},{\"@type\":\"BreadcrumbList\",\"@id\":\"https:\\\/\\\/www.ancnews.info\\\/?p=11777#breadcrumb\",\"itemListElement\":[{\"@type\":\"ListItem\",\"position\":1,\"name\":\"Home\",\"item\":\"https:\\\/\\\/www.ancnews.info\\\/\"},{\"@type\":\"ListItem\",\"position\":2,\"name\":\"Calend\u00e1rio de atividades \u2013 102\u00ba anivers\u00e1rio do Genoc\u00eddio Arm\u00eanio\"}]},{\"@type\":\"WebSite\",\"@id\":\"https:\\\/\\\/www.ancnews.info\\\/#website\",\"url\":\"https:\\\/\\\/www.ancnews.info\\\/\",\"name\":\"Armenian National Committee - International\u2014 \u0540\u0561\u0575 \u0534\u0561\u057f\u056b \u053f\u0565\u0576\u057f\u0580\u0578\u0576\u0561\u056f\u0561\u0576 \u053d\u0578\u0580\u0570\u0578\u0582\u0580\u0564\",\"description\":\"All the ANC News \\\/ \u0540\u0561\u0575 \u0534\u0561\u057f\u056b \u056f\u0561\u057c\u0578\u0575\u0581\u0576\u0565\u0580\u0578\u0582 \u0562\u0578\u056c\u0578\u0580 \u056c\u0578\u0582\u0580\u0565\u0580\u0568\",\"potentialAction\":[{\"@type\":\"SearchAction\",\"target\":{\"@type\":\"EntryPoint\",\"urlTemplate\":\"https:\\\/\\\/www.ancnews.info\\\/?s={search_term_string}\"},\"query-input\":{\"@type\":\"PropertyValueSpecification\",\"valueRequired\":true,\"valueName\":\"search_term_string\"}}],\"inLanguage\":\"en-US\"},{\"@type\":\"Person\",\"@id\":\"https:\\\/\\\/www.ancnews.info\\\/#\\\/schema\\\/person\\\/00e5e75daa416d1fc86028f9c055a29b\",\"name\":\"admin\",\"sameAs\":[\"http:\\\/\\\/hay.digipanda.ru\"],\"url\":\"https:\\\/\\\/ancnews.info\\\/?author=1\"}]}<\/script>\n<!-- \/ Yoast SEO plugin. -->","yoast_head_json":{"title":"Calend\u00e1rio de atividades \u2013 102\u00ba anivers\u00e1rio do Genoc\u00eddio Arm\u00eanio - Armenian National Committee - International\u2014 \u0540\u0561\u0575 \u0534\u0561\u057f\u056b \u053f\u0565\u0576\u057f\u0580\u0578\u0576\u0561\u056f\u0561\u0576 \u053d\u0578\u0580\u0570\u0578\u0582\u0580\u0564","robots":{"index":"index","follow":"follow","max-snippet":"max-snippet:-1","max-image-preview":"max-image-preview:large","max-video-preview":"max-video-preview:-1"},"canonical":"https:\/\/www.ancnews.info\/?p=11777","og_locale":"en_US","og_type":"article","og_title":"Calend\u00e1rio de atividades \u2013 102\u00ba anivers\u00e1rio do Genoc\u00eddio Arm\u00eanio - Armenian National Committee - International\u2014 \u0540\u0561\u0575 \u0534\u0561\u057f\u056b \u053f\u0565\u0576\u057f\u0580\u0578\u0576\u0561\u056f\u0561\u0576 \u053d\u0578\u0580\u0570\u0578\u0582\u0580\u0564","og_description":"(Portal Esta\u00e7\u00e3o Arm\u00eania) Abril, m\u00eas de lutas para os arm\u00eanios no mundo todo, j\u00e1 tem sua agenda de atividades dos 102 anos do Genoc\u00eddio Arm\u00eanio. Em evento que deu in\u00edcio ao m\u00eas de lutas em S\u00e3o Paulo, chamando a aten\u00e7\u00e3o dos paulistanos para a Causa Arm\u00eania, um in\u00e9dito flash","og_url":"https:\/\/www.ancnews.info\/?p=11777","og_site_name":"Armenian National Committee - International\u2014 \u0540\u0561\u0575 \u0534\u0561\u057f\u056b \u053f\u0565\u0576\u057f\u0580\u0578\u0576\u0561\u056f\u0561\u0576 \u053d\u0578\u0580\u0570\u0578\u0582\u0580\u0564","article_publisher":"https:\/\/www.facebook.com\/ArmenianNationalCommitteeInternational","article_published_time":"2017-04-20T13:09:36+00:00","og_image":[{"width":1916,"height":902,"url":"https:\/\/www.ancnews.info\/wp-content\/uploads\/2017\/04\/CNA-Brasil-Genocide-102-image.jpg","type":"image\/jpeg"}],"author":"admin","twitter_card":"summary_large_image","twitter_creator":"@anc_intl","twitter_site":"@anc_intl","twitter_misc":{"Written by":"admin","Est. reading time":"2 minutes"},"schema":{"@context":"https:\/\/schema.org","@graph":[{"@type":"Article","@id":"https:\/\/www.ancnews.info\/?p=11777#article","isPartOf":{"@id":"https:\/\/www.ancnews.info\/?p=11777"},"author":{"name":"admin","@id":"https:\/\/www.ancnews.info\/#\/schema\/person\/00e5e75daa416d1fc86028f9c055a29b"},"headline":"Calend\u00e1rio de atividades \u2013 102\u00ba anivers\u00e1rio do Genoc\u00eddio Arm\u00eanio","datePublished":"2017-04-20T13:09:36+00:00","mainEntityOfPage":{"@id":"https:\/\/www.ancnews.info\/?p=11777"},"wordCount":504,"image":{"@id":"https:\/\/www.ancnews.info\/?p=11777#primaryimage"},"thumbnailUrl":"https:\/\/i0.wp.com\/ancnews.info\/wp-content\/uploads\/2017\/04\/CNA-Brasil-Genocide-102-image.jpg?fit=1916%2C902&ssl=1","keywords":["CNA Brasil"],"articleSection":["NOT\u00cdCIAS"],"inLanguage":"en-US"},{"@type":"WebPage","@id":"https:\/\/www.ancnews.info\/?p=11777","url":"https:\/\/www.ancnews.info\/?p=11777","name":"Calend\u00e1rio de atividades \u2013 102\u00ba anivers\u00e1rio do Genoc\u00eddio Arm\u00eanio - Armenian National Committee - International\u2014 \u0540\u0561\u0575 \u0534\u0561\u057f\u056b \u053f\u0565\u0576\u057f\u0580\u0578\u0576\u0561\u056f\u0561\u0576 \u053d\u0578\u0580\u0570\u0578\u0582\u0580\u0564","isPartOf":{"@id":"https:\/\/www.ancnews.info\/#website"},"primaryImageOfPage":{"@id":"https:\/\/www.ancnews.info\/?p=11777#primaryimage"},"image":{"@id":"https:\/\/www.ancnews.info\/?p=11777#primaryimage"},"thumbnailUrl":"https:\/\/i0.wp.com\/ancnews.info\/wp-content\/uploads\/2017\/04\/CNA-Brasil-Genocide-102-image.jpg?fit=1916%2C902&ssl=1","datePublished":"2017-04-20T13:09:36+00:00","author":{"@id":"https:\/\/www.ancnews.info\/#\/schema\/person\/00e5e75daa416d1fc86028f9c055a29b"},"breadcrumb":{"@id":"https:\/\/www.ancnews.info\/?p=11777#breadcrumb"},"inLanguage":"en-US","potentialAction":[{"@type":"ReadAction","target":["https:\/\/www.ancnews.info\/?p=11777"]}]},{"@type":"ImageObject","inLanguage":"en-US","@id":"https:\/\/www.ancnews.info\/?p=11777#primaryimage","url":"https:\/\/i0.wp.com\/ancnews.info\/wp-content\/uploads\/2017\/04\/CNA-Brasil-Genocide-102-image.jpg?fit=1916%2C902&ssl=1","contentUrl":"https:\/\/i0.wp.com\/ancnews.info\/wp-content\/uploads\/2017\/04\/CNA-Brasil-Genocide-102-image.jpg?fit=1916%2C902&ssl=1","width":1916,"height":902},{"@type":"BreadcrumbList","@id":"https:\/\/www.ancnews.info\/?p=11777#breadcrumb","itemListElement":[{"@type":"ListItem","position":1,"name":"Home","item":"https:\/\/www.ancnews.info\/"},{"@type":"ListItem","position":2,"name":"Calend\u00e1rio de atividades \u2013 102\u00ba anivers\u00e1rio do Genoc\u00eddio Arm\u00eanio"}]},{"@type":"WebSite","@id":"https:\/\/www.ancnews.info\/#website","url":"https:\/\/www.ancnews.info\/","name":"Armenian National Committee - International\u2014 \u0540\u0561\u0575 \u0534\u0561\u057f\u056b \u053f\u0565\u0576\u057f\u0580\u0578\u0576\u0561\u056f\u0561\u0576 \u053d\u0578\u0580\u0570\u0578\u0582\u0580\u0564","description":"All the ANC News \/ \u0540\u0561\u0575 \u0534\u0561\u057f\u056b \u056f\u0561\u057c\u0578\u0575\u0581\u0576\u0565\u0580\u0578\u0582 \u0562\u0578\u056c\u0578\u0580 \u056c\u0578\u0582\u0580\u0565\u0580\u0568","potentialAction":[{"@type":"SearchAction","target":{"@type":"EntryPoint","urlTemplate":"https:\/\/www.ancnews.info\/?s={search_term_string}"},"query-input":{"@type":"PropertyValueSpecification","valueRequired":true,"valueName":"search_term_string"}}],"inLanguage":"en-US"},{"@type":"Person","@id":"https:\/\/www.ancnews.info\/#\/schema\/person\/00e5e75daa416d1fc86028f9c055a29b","name":"admin","sameAs":["http:\/\/hay.digipanda.ru"],"url":"https:\/\/ancnews.info\/?author=1"}]}},"jetpack_featured_media_url":"https:\/\/i0.wp.com\/ancnews.info\/wp-content\/uploads\/2017\/04\/CNA-Brasil-Genocide-102-image.jpg?fit=1916%2C902&ssl=1","jetpack_sharing_enabled":true,"_links":{"self":[{"href":"https:\/\/ancnews.info\/index.php?rest_route=\/wp\/v2\/posts\/11777","targetHints":{"allow":["GET"]}}],"collection":[{"href":"https:\/\/ancnews.info\/index.php?rest_route=\/wp\/v2\/posts"}],"about":[{"href":"https:\/\/ancnews.info\/index.php?rest_route=\/wp\/v2\/types\/post"}],"author":[{"embeddable":true,"href":"https:\/\/ancnews.info\/index.php?rest_route=\/wp\/v2\/users\/1"}],"replies":[{"embeddable":true,"href":"https:\/\/ancnews.info\/index.php?rest_route=%2Fwp%2Fv2%2Fcomments&post=11777"}],"version-history":[{"count":0,"href":"https:\/\/ancnews.info\/index.php?rest_route=\/wp\/v2\/posts\/11777\/revisions"}],"wp:featuredmedia":[{"embeddable":true,"href":"https:\/\/ancnews.info\/index.php?rest_route=\/wp\/v2\/media\/11778"}],"wp:attachment":[{"href":"https:\/\/ancnews.info\/index.php?rest_route=%2Fwp%2Fv2%2Fmedia&parent=11777"}],"wp:term":[{"taxonomy":"category","embeddable":true,"href":"https:\/\/ancnews.info\/index.php?rest_route=%2Fwp%2Fv2%2Fcategories&post=11777"},{"taxonomy":"post_tag","embeddable":true,"href":"https:\/\/ancnews.info\/index.php?rest_route=%2Fwp%2Fv2%2Ftags&post=11777"}],"curies":[{"name":"wp","href":"https:\/\/api.w.org\/{rel}","templated":true}]}}