{"id":10927,"date":"2017-01-31T15:18:56","date_gmt":"2017-01-31T15:18:56","guid":{"rendered":"https:\/\/ancnews.info\/?p=10927"},"modified":"2017-01-31T15:18:56","modified_gmt":"2017-01-31T15:18:56","slug":"turquia-se-acerca-a-la-argentina-y-genera-un-duro-repudio-por-parte-de-la-comunidad-armenia","status":"publish","type":"post","link":"https:\/\/ancnews.info\/?p=10927","title":{"rendered":"Turqu\u00eda se acerca a la Argentina y genera un duro repudio por parte de la comunidad armenia"},"content":{"rendered":"<p style=\"text-align: justify;\">(EL OJO NOTICIAS) <strong>Arrib\u00f3 a nuestro pa\u00eds el canciller de Turqu\u00eda, Mevlut \u00c7avu\u015fo\u011flu, quien se reuni\u00f3 con su par argentina, Susana Malcorra, con el objetivo de discutir temas relacionados con la cooperaci\u00f3n y asistencia aduanera. <\/strong> <!--more Continue reading \/ \u0531\u0574\u0562\u0578\u0572\u057b\u0568 \u2192--><\/p>\n<p style=\"text-align: justify;\">Esta visita caus\u00f3 un gran repudio a la comunidad armenia que se expres\u00f3 a trav\u00e9s de un comunicado de prensa. Esta visita se da en el marco geopol\u00edtico en el cual Rusia asegur\u00f3 que Armenia es un aliado \u201cclave\u201d, y tres d\u00edas despu\u00e9s de que el presidente turco, Tayyip Erdogan, visite a la primera ministro brit\u00e1nica, Theresa May, para discutir sobre su posici\u00f3n tras el Brexit.<\/p>\n<p style=\"text-align: justify;\">El Ojo Noticias se comunic\u00f3 con el director del <a href=\"https:\/\/www.facebook.com\/consejonacionalarmenio\/?fref=ts\">Consejo Nacional Armenio Sudam\u00e9rica<\/a>, Alfonso Tabakian, quien analiza la situaci\u00f3n.<\/p>\n<p style=\"text-align: justify;\"><strong>\u00bfPor que Turqu\u00eda tiene tanto inter\u00e9s en acercarse a Am\u00e9rica Latina y en especial a nuestro pa\u00eds?<\/strong><\/p>\n<p style=\"text-align: justify;\">Considero que es una campa\u00f1a diplom\u00e1tica a la regi\u00f3n , hay un muy serio deterioro de la imagen de Turqu\u00eda y busca su reposicionamiento global. Su imagen siempre fue la aspiraci\u00f3n de la diplomacia del AKP (por las siglas en turco del Partido de la Justicia y Desarrollo) , ya desde aquellos tiempos en que &#8220;parec\u00edan&#8221; como un partido isl\u00e1mico democr\u00e1tico modelo y la econom\u00eda estaba en sus mejores momentos de crecimiento, Otros tiempos. Es verdad que toda visita de funcionarios turcos trae varios puntos en su agenda, entre ellos persecuci\u00f3n a opositores, negacionismo al genocidio armenio etc\u00e9tera.<\/p>\n<p style=\"text-align: justify;\"><strong>\u00bfCree que la nueva reorganizaci\u00f3n mundial puede impactar en esta decisi\u00f3n argentina de fortalecer las relaciones con Turqu\u00eda?<\/strong><\/p>\n<p style=\"text-align: justify;\">La Argentina est\u00e1 por asumir la presidencia del G 20, es una gran oportunidad para un protagonismo mundial. Seguramente buscar\u00e1 tener muy buenas relaciones con todos los miembros que integran el grupo.<\/p>\n<p style=\"text-align: justify;\"><strong>\u00bfPuede tomarse esta visita como una provocaci\u00f3n para la comunidad armenia?<\/strong><\/p>\n<p style=\"text-align: justify;\">Provocaci\u00f3n no, seguramente en una comunidad como la armenia, que est\u00e1 integrada a la sociedad argentina hace casi 5 generaciones, hay diversas sensaciones y son respetables. Somos descendientes de un pueblo que tiene memoria y busca justicia. Somos ciudadanos argentinos y el deseo es que las autoridades de este pa\u00eds tengan relaciones beneficiosas para argentina, sin embargo, conocemos las intenciones del estado turco que solapadamente presiona, es sobre ese negacionismo que ponemos luz y lo hacemos p\u00fablico.<\/p>\n<p style=\"text-align: justify;\"><strong>Argentina es uno de los pa\u00edses que reconoci\u00f3 el genocidio armenio, \u00bfser\u00eda posible que se cambie de opini\u00f3n?<\/strong><\/p>\n<p style=\"text-align: justify;\">La Argentina desde la vuelta a la democracia en 1983 ha recorrido un largo camino para rever su historia y buscar la justicia en materia de DDHH. No ha sido f\u00e1cil y seguramente necesit\u00f3 de la lucha y militancia de muchas personas como tambi\u00e9n la toma de decisiones pol\u00edticas de otras, pero se ha convertido a nivel mundial en un referente en esta materia. A consecuencia de ello, un ejemplo de esa madurez fue el reconocimiento del genocidio contra el pueblo armenio (a trav\u00e9s de una ley nacional 26.199 y tambi\u00e9n con una sentencia de la justicia federal). Ahora seguramente todo Estado negacionista, como lo es Turqu\u00eda, lo intenta, ya que se ha pronunciado en contra de cada Estado, parlamento organizaci\u00f3n o personalidad que ha reconocido el genocidio contra el pueblo armenio. Ninguna relaci\u00f3n bilateral deber\u00eda tener como demanda turca dar marcha atr\u00e1s o neutralizar la ley de reconocimiento. Y si esa demanda existe desde la diplomacia turca, hay instancias en el Estado argentino como la Secretaria de DDHH o la canciller\u00eda con sus especialistas en materia en DD.HH. donde se activaran las alarmas ante tales presiones. No obstante, la gran fuerza que tiene el pueblo argentino y las organizaciones de DDHH que los representan ya no permiten que se les arrebate los derechos que han sabido ganar. La comunidad armenia tiene una amplia trayectoria en su lucha por el reconocimiento del genocidio transcurrido durante el siglo XX y es de p\u00fablico conocimiento la negaci\u00f3n constante de Turqu\u00eda, adem\u00e1s del silenciamiento de la misma comunidad armenia dentro de Turqu\u00eda. De hecho el 14 de enero el diputado armenio, Garo Paylan fue suspendido de la Asamblea Nacional de Turqu\u00eda por hablar sobre el genocidio armenio.<\/p>\n<p style=\"text-align: justify;\">A pr\u00e1cticamente un siglo del genocidio que dej\u00f3 al menos 1 mill\u00f3n y medio de muertos, Turqu\u00eda mantiene su negaci\u00f3n al reconocimiento.<\/p>\n<p style=\"text-align: justify;\">Autor : Valeria Rodr\u00edguez<\/p>\n","protected":false},"excerpt":{"rendered":"<p>(EL OJO NOTICIAS) Arrib\u00f3 a nuestro pa\u00eds el canciller de Turqu\u00eda, Mevlut \u00c7avu\u015fo\u011flu, quien se reuni\u00f3 con su par argentina, Susana Malcorra, con el objetivo de discutir temas relacionados con la cooperaci\u00f3n y asistencia aduanera.<\/p>\n","protected":false},"author":1,"featured_media":10929,"comment_status":"closed","ping_status":"closed","sticky":false,"template":"","format":"standard","meta":{"_jetpack_memberships_contains_paid_content":false,"footnotes":""},"categories":[172,117],"tags":[140],"class_list":["post-10927","post","type-post","status-publish","format-standard","has-post-thumbnail","hentry","category-in-the-news-","category-noticias","tag-cna-sudamerica"],"yoast_head":"<!-- This site is optimized with the Yoast SEO plugin v27.5 - https:\/\/yoast.com\/product\/yoast-seo-wordpress\/ -->\n<title>Turqu\u00eda se acerca a la Argentina y genera un duro repudio por parte de la comunidad armenia - Armenian National Committee - International\u2014 \u0540\u0561\u0575 \u0534\u0561\u057f\u056b \u053f\u0565\u0576\u057f\u0580\u0578\u0576\u0561\u056f\u0561\u0576 \u053d\u0578\u0580\u0570\u0578\u0582\u0580\u0564<\/title>\n<meta name=\"robots\" content=\"index, follow, max-snippet:-1, max-image-preview:large, max-video-preview:-1\" \/>\n<link rel=\"canonical\" href=\"https:\/\/www.ancnews.info\/?p=10927\" \/>\n<meta property=\"og:locale\" content=\"en_US\" \/>\n<meta property=\"og:type\" content=\"article\" \/>\n<meta property=\"og:title\" content=\"Turqu\u00eda se acerca a la Argentina y genera un duro repudio por parte de la comunidad armenia - Armenian National Committee - International\u2014 \u0540\u0561\u0575 \u0534\u0561\u057f\u056b \u053f\u0565\u0576\u057f\u0580\u0578\u0576\u0561\u056f\u0561\u0576 \u053d\u0578\u0580\u0570\u0578\u0582\u0580\u0564\" \/>\n<meta property=\"og:description\" content=\"(EL OJO NOTICIAS) Arrib\u00f3 a nuestro pa\u00eds el canciller de Turqu\u00eda, Mevlut \u00c7avu\u015fo\u011flu, quien se reuni\u00f3 con su par argentina, Susana Malcorra, con el objetivo de discutir temas relacionados con la cooperaci\u00f3n y asistencia aduanera.\" \/>\n<meta property=\"og:url\" content=\"https:\/\/www.ancnews.info\/?p=10927\" \/>\n<meta property=\"og:site_name\" content=\"Armenian National Committee - International\u2014 \u0540\u0561\u0575 \u0534\u0561\u057f\u056b \u053f\u0565\u0576\u057f\u0580\u0578\u0576\u0561\u056f\u0561\u0576 \u053d\u0578\u0580\u0570\u0578\u0582\u0580\u0564\" \/>\n<meta property=\"article:publisher\" content=\"https:\/\/www.facebook.com\/ArmenianNationalCommitteeInternational\" \/>\n<meta property=\"article:published_time\" content=\"2017-01-31T15:18:56+00:00\" \/>\n<meta property=\"og:image\" content=\"https:\/\/www.ancnews.info\/wp-content\/uploads\/2017\/02\/CNA-Sudamerica-Tabakian.jpg\" \/>\n\t<meta property=\"og:image:width\" content=\"770\" \/>\n\t<meta property=\"og:image:height\" content=\"554\" \/>\n\t<meta property=\"og:image:type\" content=\"image\/jpeg\" \/>\n<meta name=\"author\" content=\"admin\" \/>\n<meta name=\"twitter:card\" content=\"summary_large_image\" \/>\n<meta name=\"twitter:creator\" content=\"@anc_intl\" \/>\n<meta name=\"twitter:site\" content=\"@anc_intl\" \/>\n<meta name=\"twitter:label1\" content=\"Written by\" \/>\n\t<meta name=\"twitter:data1\" content=\"admin\" \/>\n\t<meta name=\"twitter:label2\" content=\"Est. reading time\" \/>\n\t<meta name=\"twitter:data2\" content=\"4 minutes\" \/>\n<script type=\"application\/ld+json\" class=\"yoast-schema-graph\">{\"@context\":\"https:\\\/\\\/schema.org\",\"@graph\":[{\"@type\":\"Article\",\"@id\":\"https:\\\/\\\/www.ancnews.info\\\/?p=10927#article\",\"isPartOf\":{\"@id\":\"https:\\\/\\\/www.ancnews.info\\\/?p=10927\"},\"author\":{\"name\":\"admin\",\"@id\":\"https:\\\/\\\/www.ancnews.info\\\/#\\\/schema\\\/person\\\/00e5e75daa416d1fc86028f9c055a29b\"},\"headline\":\"Turqu\u00eda se acerca a la Argentina y genera un duro repudio por parte de la comunidad armenia\",\"datePublished\":\"2017-01-31T15:18:56+00:00\",\"mainEntityOfPage\":{\"@id\":\"https:\\\/\\\/www.ancnews.info\\\/?p=10927\"},\"wordCount\":771,\"image\":{\"@id\":\"https:\\\/\\\/www.ancnews.info\\\/?p=10927#primaryimage\"},\"thumbnailUrl\":\"https:\\\/\\\/i0.wp.com\\\/ancnews.info\\\/wp-content\\\/uploads\\\/2017\\\/02\\\/CNA-Sudamerica-Tabakian.jpg?fit=770%2C554&ssl=1\",\"keywords\":[\"CNA Sudam\u00e9rica\"],\"articleSection\":[\"In The Media \\\/ \u0536\u053c\u0544-\u0576\u0565\u0580\u0578\u0582 \u0574\u0567\u057b\",\"Noticias\"],\"inLanguage\":\"en-US\"},{\"@type\":\"WebPage\",\"@id\":\"https:\\\/\\\/www.ancnews.info\\\/?p=10927\",\"url\":\"https:\\\/\\\/www.ancnews.info\\\/?p=10927\",\"name\":\"Turqu\u00eda se acerca a la Argentina y genera un duro repudio por parte de la comunidad armenia - Armenian National Committee - International\u2014 \u0540\u0561\u0575 \u0534\u0561\u057f\u056b \u053f\u0565\u0576\u057f\u0580\u0578\u0576\u0561\u056f\u0561\u0576 \u053d\u0578\u0580\u0570\u0578\u0582\u0580\u0564\",\"isPartOf\":{\"@id\":\"https:\\\/\\\/www.ancnews.info\\\/#website\"},\"primaryImageOfPage\":{\"@id\":\"https:\\\/\\\/www.ancnews.info\\\/?p=10927#primaryimage\"},\"image\":{\"@id\":\"https:\\\/\\\/www.ancnews.info\\\/?p=10927#primaryimage\"},\"thumbnailUrl\":\"https:\\\/\\\/i0.wp.com\\\/ancnews.info\\\/wp-content\\\/uploads\\\/2017\\\/02\\\/CNA-Sudamerica-Tabakian.jpg?fit=770%2C554&ssl=1\",\"datePublished\":\"2017-01-31T15:18:56+00:00\",\"author\":{\"@id\":\"https:\\\/\\\/www.ancnews.info\\\/#\\\/schema\\\/person\\\/00e5e75daa416d1fc86028f9c055a29b\"},\"breadcrumb\":{\"@id\":\"https:\\\/\\\/www.ancnews.info\\\/?p=10927#breadcrumb\"},\"inLanguage\":\"en-US\",\"potentialAction\":[{\"@type\":\"ReadAction\",\"target\":[\"https:\\\/\\\/www.ancnews.info\\\/?p=10927\"]}]},{\"@type\":\"ImageObject\",\"inLanguage\":\"en-US\",\"@id\":\"https:\\\/\\\/www.ancnews.info\\\/?p=10927#primaryimage\",\"url\":\"https:\\\/\\\/i0.wp.com\\\/ancnews.info\\\/wp-content\\\/uploads\\\/2017\\\/02\\\/CNA-Sudamerica-Tabakian.jpg?fit=770%2C554&ssl=1\",\"contentUrl\":\"https:\\\/\\\/i0.wp.com\\\/ancnews.info\\\/wp-content\\\/uploads\\\/2017\\\/02\\\/CNA-Sudamerica-Tabakian.jpg?fit=770%2C554&ssl=1\",\"width\":770,\"height\":554,\"caption\":\"Alfonso Tabakian\"},{\"@type\":\"BreadcrumbList\",\"@id\":\"https:\\\/\\\/www.ancnews.info\\\/?p=10927#breadcrumb\",\"itemListElement\":[{\"@type\":\"ListItem\",\"position\":1,\"name\":\"Home\",\"item\":\"https:\\\/\\\/www.ancnews.info\\\/\"},{\"@type\":\"ListItem\",\"position\":2,\"name\":\"Turqu\u00eda se acerca a la Argentina y genera un duro repudio por parte de la comunidad armenia\"}]},{\"@type\":\"WebSite\",\"@id\":\"https:\\\/\\\/www.ancnews.info\\\/#website\",\"url\":\"https:\\\/\\\/www.ancnews.info\\\/\",\"name\":\"Armenian National Committee - International\u2014 \u0540\u0561\u0575 \u0534\u0561\u057f\u056b \u053f\u0565\u0576\u057f\u0580\u0578\u0576\u0561\u056f\u0561\u0576 \u053d\u0578\u0580\u0570\u0578\u0582\u0580\u0564\",\"description\":\"All the ANC News \\\/ \u0540\u0561\u0575 \u0534\u0561\u057f\u056b \u056f\u0561\u057c\u0578\u0575\u0581\u0576\u0565\u0580\u0578\u0582 \u0562\u0578\u056c\u0578\u0580 \u056c\u0578\u0582\u0580\u0565\u0580\u0568\",\"potentialAction\":[{\"@type\":\"SearchAction\",\"target\":{\"@type\":\"EntryPoint\",\"urlTemplate\":\"https:\\\/\\\/www.ancnews.info\\\/?s={search_term_string}\"},\"query-input\":{\"@type\":\"PropertyValueSpecification\",\"valueRequired\":true,\"valueName\":\"search_term_string\"}}],\"inLanguage\":\"en-US\"},{\"@type\":\"Person\",\"@id\":\"https:\\\/\\\/www.ancnews.info\\\/#\\\/schema\\\/person\\\/00e5e75daa416d1fc86028f9c055a29b\",\"name\":\"admin\",\"sameAs\":[\"http:\\\/\\\/hay.digipanda.ru\"],\"url\":\"https:\\\/\\\/ancnews.info\\\/?author=1\"}]}<\/script>\n<!-- \/ Yoast SEO plugin. -->","yoast_head_json":{"title":"Turqu\u00eda se acerca a la Argentina y genera un duro repudio por parte de la comunidad armenia - Armenian National Committee - International\u2014 \u0540\u0561\u0575 \u0534\u0561\u057f\u056b \u053f\u0565\u0576\u057f\u0580\u0578\u0576\u0561\u056f\u0561\u0576 \u053d\u0578\u0580\u0570\u0578\u0582\u0580\u0564","robots":{"index":"index","follow":"follow","max-snippet":"max-snippet:-1","max-image-preview":"max-image-preview:large","max-video-preview":"max-video-preview:-1"},"canonical":"https:\/\/www.ancnews.info\/?p=10927","og_locale":"en_US","og_type":"article","og_title":"Turqu\u00eda se acerca a la Argentina y genera un duro repudio por parte de la comunidad armenia - Armenian National Committee - International\u2014 \u0540\u0561\u0575 \u0534\u0561\u057f\u056b \u053f\u0565\u0576\u057f\u0580\u0578\u0576\u0561\u056f\u0561\u0576 \u053d\u0578\u0580\u0570\u0578\u0582\u0580\u0564","og_description":"(EL OJO NOTICIAS) Arrib\u00f3 a nuestro pa\u00eds el canciller de Turqu\u00eda, Mevlut \u00c7avu\u015fo\u011flu, quien se reuni\u00f3 con su par argentina, Susana Malcorra, con el objetivo de discutir temas relacionados con la cooperaci\u00f3n y asistencia aduanera.","og_url":"https:\/\/www.ancnews.info\/?p=10927","og_site_name":"Armenian National Committee - International\u2014 \u0540\u0561\u0575 \u0534\u0561\u057f\u056b \u053f\u0565\u0576\u057f\u0580\u0578\u0576\u0561\u056f\u0561\u0576 \u053d\u0578\u0580\u0570\u0578\u0582\u0580\u0564","article_publisher":"https:\/\/www.facebook.com\/ArmenianNationalCommitteeInternational","article_published_time":"2017-01-31T15:18:56+00:00","og_image":[{"width":770,"height":554,"url":"https:\/\/www.ancnews.info\/wp-content\/uploads\/2017\/02\/CNA-Sudamerica-Tabakian.jpg","type":"image\/jpeg"}],"author":"admin","twitter_card":"summary_large_image","twitter_creator":"@anc_intl","twitter_site":"@anc_intl","twitter_misc":{"Written by":"admin","Est. reading time":"4 minutes"},"schema":{"@context":"https:\/\/schema.org","@graph":[{"@type":"Article","@id":"https:\/\/www.ancnews.info\/?p=10927#article","isPartOf":{"@id":"https:\/\/www.ancnews.info\/?p=10927"},"author":{"name":"admin","@id":"https:\/\/www.ancnews.info\/#\/schema\/person\/00e5e75daa416d1fc86028f9c055a29b"},"headline":"Turqu\u00eda se acerca a la Argentina y genera un duro repudio por parte de la comunidad armenia","datePublished":"2017-01-31T15:18:56+00:00","mainEntityOfPage":{"@id":"https:\/\/www.ancnews.info\/?p=10927"},"wordCount":771,"image":{"@id":"https:\/\/www.ancnews.info\/?p=10927#primaryimage"},"thumbnailUrl":"https:\/\/i0.wp.com\/ancnews.info\/wp-content\/uploads\/2017\/02\/CNA-Sudamerica-Tabakian.jpg?fit=770%2C554&ssl=1","keywords":["CNA Sudam\u00e9rica"],"articleSection":["In The Media \/ \u0536\u053c\u0544-\u0576\u0565\u0580\u0578\u0582 \u0574\u0567\u057b","Noticias"],"inLanguage":"en-US"},{"@type":"WebPage","@id":"https:\/\/www.ancnews.info\/?p=10927","url":"https:\/\/www.ancnews.info\/?p=10927","name":"Turqu\u00eda se acerca a la Argentina y genera un duro repudio por parte de la comunidad armenia - Armenian National Committee - International\u2014 \u0540\u0561\u0575 \u0534\u0561\u057f\u056b \u053f\u0565\u0576\u057f\u0580\u0578\u0576\u0561\u056f\u0561\u0576 \u053d\u0578\u0580\u0570\u0578\u0582\u0580\u0564","isPartOf":{"@id":"https:\/\/www.ancnews.info\/#website"},"primaryImageOfPage":{"@id":"https:\/\/www.ancnews.info\/?p=10927#primaryimage"},"image":{"@id":"https:\/\/www.ancnews.info\/?p=10927#primaryimage"},"thumbnailUrl":"https:\/\/i0.wp.com\/ancnews.info\/wp-content\/uploads\/2017\/02\/CNA-Sudamerica-Tabakian.jpg?fit=770%2C554&ssl=1","datePublished":"2017-01-31T15:18:56+00:00","author":{"@id":"https:\/\/www.ancnews.info\/#\/schema\/person\/00e5e75daa416d1fc86028f9c055a29b"},"breadcrumb":{"@id":"https:\/\/www.ancnews.info\/?p=10927#breadcrumb"},"inLanguage":"en-US","potentialAction":[{"@type":"ReadAction","target":["https:\/\/www.ancnews.info\/?p=10927"]}]},{"@type":"ImageObject","inLanguage":"en-US","@id":"https:\/\/www.ancnews.info\/?p=10927#primaryimage","url":"https:\/\/i0.wp.com\/ancnews.info\/wp-content\/uploads\/2017\/02\/CNA-Sudamerica-Tabakian.jpg?fit=770%2C554&ssl=1","contentUrl":"https:\/\/i0.wp.com\/ancnews.info\/wp-content\/uploads\/2017\/02\/CNA-Sudamerica-Tabakian.jpg?fit=770%2C554&ssl=1","width":770,"height":554,"caption":"Alfonso Tabakian"},{"@type":"BreadcrumbList","@id":"https:\/\/www.ancnews.info\/?p=10927#breadcrumb","itemListElement":[{"@type":"ListItem","position":1,"name":"Home","item":"https:\/\/www.ancnews.info\/"},{"@type":"ListItem","position":2,"name":"Turqu\u00eda se acerca a la Argentina y genera un duro repudio por parte de la comunidad armenia"}]},{"@type":"WebSite","@id":"https:\/\/www.ancnews.info\/#website","url":"https:\/\/www.ancnews.info\/","name":"Armenian National Committee - International\u2014 \u0540\u0561\u0575 \u0534\u0561\u057f\u056b \u053f\u0565\u0576\u057f\u0580\u0578\u0576\u0561\u056f\u0561\u0576 \u053d\u0578\u0580\u0570\u0578\u0582\u0580\u0564","description":"All the ANC News \/ \u0540\u0561\u0575 \u0534\u0561\u057f\u056b \u056f\u0561\u057c\u0578\u0575\u0581\u0576\u0565\u0580\u0578\u0582 \u0562\u0578\u056c\u0578\u0580 \u056c\u0578\u0582\u0580\u0565\u0580\u0568","potentialAction":[{"@type":"SearchAction","target":{"@type":"EntryPoint","urlTemplate":"https:\/\/www.ancnews.info\/?s={search_term_string}"},"query-input":{"@type":"PropertyValueSpecification","valueRequired":true,"valueName":"search_term_string"}}],"inLanguage":"en-US"},{"@type":"Person","@id":"https:\/\/www.ancnews.info\/#\/schema\/person\/00e5e75daa416d1fc86028f9c055a29b","name":"admin","sameAs":["http:\/\/hay.digipanda.ru"],"url":"https:\/\/ancnews.info\/?author=1"}]}},"jetpack_featured_media_url":"https:\/\/i0.wp.com\/ancnews.info\/wp-content\/uploads\/2017\/02\/CNA-Sudamerica-Tabakian.jpg?fit=770%2C554&ssl=1","jetpack_sharing_enabled":true,"_links":{"self":[{"href":"https:\/\/ancnews.info\/index.php?rest_route=\/wp\/v2\/posts\/10927","targetHints":{"allow":["GET"]}}],"collection":[{"href":"https:\/\/ancnews.info\/index.php?rest_route=\/wp\/v2\/posts"}],"about":[{"href":"https:\/\/ancnews.info\/index.php?rest_route=\/wp\/v2\/types\/post"}],"author":[{"embeddable":true,"href":"https:\/\/ancnews.info\/index.php?rest_route=\/wp\/v2\/users\/1"}],"replies":[{"embeddable":true,"href":"https:\/\/ancnews.info\/index.php?rest_route=%2Fwp%2Fv2%2Fcomments&post=10927"}],"version-history":[{"count":0,"href":"https:\/\/ancnews.info\/index.php?rest_route=\/wp\/v2\/posts\/10927\/revisions"}],"wp:featuredmedia":[{"embeddable":true,"href":"https:\/\/ancnews.info\/index.php?rest_route=\/wp\/v2\/media\/10929"}],"wp:attachment":[{"href":"https:\/\/ancnews.info\/index.php?rest_route=%2Fwp%2Fv2%2Fmedia&parent=10927"}],"wp:term":[{"taxonomy":"category","embeddable":true,"href":"https:\/\/ancnews.info\/index.php?rest_route=%2Fwp%2Fv2%2Fcategories&post=10927"},{"taxonomy":"post_tag","embeddable":true,"href":"https:\/\/ancnews.info\/index.php?rest_route=%2Fwp%2Fv2%2Ftags&post=10927"}],"curies":[{"name":"wp","href":"https:\/\/api.w.org\/{rel}","templated":true}]}}